{"id":68323,"date":"2011-06-07T00:00:00","date_gmt":"2011-06-06T22:00:00","guid":{"rendered":"http:\/\/www.cronacaonline.it\/public\/content\/index.php\/2011\/06\/07\/fesr-assessore-la-spisa-la-regione-sardegna-spende-piu-delle-altre\/"},"modified":"2011-06-07T00:00:00","modified_gmt":"2011-06-06T22:00:00","slug":"fesr-assessore-la-spisa-la-regione-sardegna-spende-piu-delle-altre","status":"publish","type":"post","link":"https:\/\/www.cronacaonline.it\/index.php\/2011\/06\/07\/fesr-assessore-la-spisa-la-regione-sardegna-spende-piu-delle-altre\/","title":{"rendered":"FESR &#8211; Assessore La Spisa: &#8220;La Regione Sardegna spende pi\u00f9 delle altre\u201d."},"content":{"rendered":"<p>Il vice presidente della Regione e assessore della Programmazione, Giorgio La Spisa, replicando in Consiglio alle osservazioni dell\u2019opposizione in merito alle risorse comunitarie, ha affermato: \"Sul Fondo Europeo di Sviluppo Regionale la lettera del commissario Hahn \u00e8 certamente preoccupante, ma si tratta di una comunicazione inviata a tutte le regioni a rischio disimpegno: si tratta di sette miliardi di euro in tutta Italia. Ribadisco che la percentuale di spesa della Regione Sardegna \u00e8 del 19 per cento, come sottolineato dallo stesso commissario, mentre la media italiana \u00e8 del 18 per cento e quella delle regioni meridionali \u00e8 dell\u20198 per cento. La Regione Sardegna spende quindi pi\u00f9 delle altre\". <\/p>\n<p>\"Il problema \u00e8 che questo programma \u00e8 partito nel 2007 \u2013 ha sottolineato La Spisa \u2013 ed entro il 2009 si sarebbero dovuti spendere 264 milioni. A marzo del 2009 quando si \u00e8 insediata questa Giunta era stato speso un milione cio\u00e8 lo 0,3 per cento di quanto si doveva spendere nei primi due anni. Il Programma \u00e8 partito con una lentezza incredibile e si \u00e8 dovuto inseguire il tempo arrivando a una spesa entro il 31 dicembre del 2009 di 273 milioni tra i quali i 233 del Fondo di Garanzia per le piccole e medie imprese. <\/p>\n<p>\"E\u2019 vero che per il 2011 dobbiamo spendere 640 milioni \u2013 ha concluso il vice presidente della Regione \u2013 ne abbiamo gi\u00e0 spesi 350 e la percentuale \u00e8 certamente significativa e sostenuta. Proprio in questi giorni abbiamo gi\u00e0 fissato alcune riunioni importanti con gli uffici e gli assessori competenti per affrontare le giuste decisioni in questa direzione. Si tratta di questioni difficili e importanti di cui tutti dovremmo assumerci una responsabilit\u00e0 forte e grave\". Red.<\/p>\n","protected":false},"excerpt":{"rendered":"<p>Il vice presidente della Regione e assessore della Programmazione, Giorgio La Spisa, replicando in Consiglio alle osservazioni dell\u2019opposizione in merito alle risorse comunitarie, ha affermato:&#8230;<\/p>\n","protected":false},"author":2,"featured_media":9700,"comment_status":"closed","ping_status":"closed","sticky":false,"template":"","format":"standard","meta":[],"categories":[49],"tags":[],"_links":{"self":[{"href":"https:\/\/www.cronacaonline.it\/index.php\/wp-json\/wp\/v2\/posts\/68323"}],"collection":[{"href":"https:\/\/www.cronacaonline.it\/index.php\/wp-json\/wp\/v2\/posts"}],"about":[{"href":"https:\/\/www.cronacaonline.it\/index.php\/wp-json\/wp\/v2\/types\/post"}],"author":[{"embeddable":true,"href":"https:\/\/www.cronacaonline.it\/index.php\/wp-json\/wp\/v2\/users\/2"}],"replies":[{"embeddable":true,"href":"https:\/\/www.cronacaonline.it\/index.php\/wp-json\/wp\/v2\/comments?post=68323"}],"version-history":[{"count":0,"href":"https:\/\/www.cronacaonline.it\/index.php\/wp-json\/wp\/v2\/posts\/68323\/revisions"}],"wp:featuredmedia":[{"embeddable":true,"href":"https:\/\/www.cronacaonline.it\/index.php\/wp-json\/"}],"wp:attachment":[{"href":"https:\/\/www.cronacaonline.it\/index.php\/wp-json\/wp\/v2\/media?parent=68323"}],"wp:term":[{"taxonomy":"category","embeddable":true,"href":"https:\/\/www.cronacaonline.it\/index.php\/wp-json\/wp\/v2\/categories?post=68323"},{"taxonomy":"post_tag","embeddable":true,"href":"https:\/\/www.cronacaonline.it\/index.php\/wp-json\/wp\/v2\/tags?post=68323"}],"curies":[{"name":"wp","href":"https:\/\/api.w.org\/{rel}","templated":true}]}}