{"id":68315,"date":"2011-06-23T00:00:00","date_gmt":"2011-06-22T22:00:00","guid":{"rendered":"http:\/\/www.cronacaonline.it\/public\/content\/index.php\/2011\/06\/23\/lettera-che-il-presidente-della-provincia-di-nuoro-ai-partiti-della-maggioranza-di-centrosinistra-sulla-nomina-del-rappresentate-della-provincia-di-nuoro-nel-cda-della-societa-nugoro-spa\/"},"modified":"2011-06-23T00:00:00","modified_gmt":"2011-06-22T22:00:00","slug":"lettera-che-il-presidente-della-provincia-di-nuoro-ai-partiti-della-maggioranza-di-centrosinistra-sulla-nomina-del-rappresentate-della-provincia-di-nuoro-nel-cda-della-societa-nugoro-spa","status":"publish","type":"post","link":"https:\/\/www.cronacaonline.it\/index.php\/2011\/06\/23\/lettera-che-il-presidente-della-provincia-di-nuoro-ai-partiti-della-maggioranza-di-centrosinistra-sulla-nomina-del-rappresentate-della-provincia-di-nuoro-nel-cda-della-societa-nugoro-spa\/","title":{"rendered":"Lettera che il Presidente della provincia di Nuoro ai partiti della maggioranza di centrosinistra sulla nomina del rappresentate della Provincia di Nuoro nel CdA della societ\u00e0 Nugoro spa."},"content":{"rendered":"<p><SPAN style=\"FONT-FAMILY: 'Verdana', 'sans-serif'; mso-bidi-font-family: Arial; mso-fareast-language: IT\">Il Il Presidente della Provincia di Nuoro, Roberto Deriu, ha reso oggi di aver inviato una lettera ai segretari dei partiti della maggioranza per informarli di aver provveduto alla nomina del rappresentante della Provincia di Nuoro nel consiglio di amministrazione della societ\u00e0 Nugoro spa. <\/SPAN><\/p>\n<p><SPAN style=\"FONT-FAMILY: 'Verdana', 'sans-serif'; mso-bidi-font-family: Arial; mso-fareast-language: IT\">Deriu&nbsp;\u2013 si legge nella missiva - nei giorni&nbsp;scorsi&nbsp;aveva chiesto ai partiti di esprimere indicazioni in merito per consentire la &nbsp;nomina del CdA e permettere cos\u00ec alla Provincia di Ogliastra, che detiene il 50% delle quote della Nugoro e che &nbsp;aveva sollecitato la designazione dei componenti il consiglio di amministrazione ( con una lettera del Presidente Pilia al Presidente Deriu e consegnata ai partiti) di avere propri rappresentanti dell'organo. <\/SPAN><\/p>\n<p><SPAN style=\"FONT-FAMILY: 'Verdana', 'sans-serif'; mso-bidi-font-family: Arial; mso-fareast-language: IT\">Non avendo ottenuto &nbsp;indicazioni dai partiti e dovendo esaurire le richieste della Provincia Ogliastra &nbsp;e procedere al rinnovo per sopraggiunti termini legali \u2013 scrive Deriu <SPAN style=\"mso-spacerun: yes\">&nbsp;<\/SPAN>- ha provveduto a nominare nel CdA, come rappresentante della Provincia, il Sig. Gianni Angioi. Angioi, informa Deriu, come atto di correttezza ha gi\u00e0 consegnato la lettera di dimissioni che verr\u00e0 consegnata al CdA della Nugoro nel momento in cui si giunger\u00e0 all'accordo sul nome condiviso da tutte le forze di maggioranza.<\/SPAN><\/p>\n<p><SPAN style=\"FONT-FAMILY: 'Verdana', 'sans-serif'; mso-bidi-font-family: Arial; mso-fareast-language: IT\">Il Presidente \u2013 conclude la lettera - fa sapere di essere dovuto arrivare ad una soluzione sicuramente non soddisfacente &nbsp;e rinnova l'appello ai partiti&nbsp;perch\u00e9&nbsp;si giunga ad &nbsp;una decisione coerente e&nbsp;perch\u00e9&nbsp; non lascino solo il Presidente rispetto a decisioni che devono essere frutto di un ragionamento collegiale dell'intera maggioranza.&nbsp;<\/SPAN><SPAN style=\"FONT-FAMILY: 'Verdana', 'sans-serif'; mso-fareast-language: IT\"><\/SPAN><\/p>\n<p><SPAN style=\"FONT-FAMILY: 'Verdana', 'sans-serif'; mso-fareast-language: IT\">&nbsp;<\/SPAN><\/p>\n","protected":false},"excerpt":{"rendered":"<p>Il Il Presidente della Provincia di Nuoro, Roberto Deriu, ha reso oggi di aver inviato una lettera ai segretari dei partiti della maggioranza per informarli&#8230;<\/p>\n","protected":false},"author":2,"featured_media":9624,"comment_status":"closed","ping_status":"closed","sticky":false,"template":"","format":"standard","meta":[],"categories":[49],"tags":[],"_links":{"self":[{"href":"https:\/\/www.cronacaonline.it\/index.php\/wp-json\/wp\/v2\/posts\/68315"}],"collection":[{"href":"https:\/\/www.cronacaonline.it\/index.php\/wp-json\/wp\/v2\/posts"}],"about":[{"href":"https:\/\/www.cronacaonline.it\/index.php\/wp-json\/wp\/v2\/types\/post"}],"author":[{"embeddable":true,"href":"https:\/\/www.cronacaonline.it\/index.php\/wp-json\/wp\/v2\/users\/2"}],"replies":[{"embeddable":true,"href":"https:\/\/www.cronacaonline.it\/index.php\/wp-json\/wp\/v2\/comments?post=68315"}],"version-history":[{"count":0,"href":"https:\/\/www.cronacaonline.it\/index.php\/wp-json\/wp\/v2\/posts\/68315\/revisions"}],"wp:featuredmedia":[{"embeddable":true,"href":"https:\/\/www.cronacaonline.it\/index.php\/wp-json\/"}],"wp:attachment":[{"href":"https:\/\/www.cronacaonline.it\/index.php\/wp-json\/wp\/v2\/media?parent=68315"}],"wp:term":[{"taxonomy":"category","embeddable":true,"href":"https:\/\/www.cronacaonline.it\/index.php\/wp-json\/wp\/v2\/categories?post=68315"},{"taxonomy":"post_tag","embeddable":true,"href":"https:\/\/www.cronacaonline.it\/index.php\/wp-json\/wp\/v2\/tags?post=68315"}],"curies":[{"name":"wp","href":"https:\/\/api.w.org\/{rel}","templated":true}]}}