{"id":68219,"date":"2011-06-07T00:00:00","date_gmt":"2011-06-06T22:00:00","guid":{"rendered":"http:\/\/www.cronacaonline.it\/public\/content\/index.php\/2011\/06\/07\/lavori-consiglio-regionale-sardegna-discussione-sul-collegato-alla-legge-finanziaria-2011-2013-riepilogo-generale-della-mattinata-3\/"},"modified":"2011-06-07T00:00:00","modified_gmt":"2011-06-06T22:00:00","slug":"lavori-consiglio-regionale-sardegna-discussione-sul-collegato-alla-legge-finanziaria-2011-2013-riepilogo-generale-della-mattinata-3","status":"publish","type":"post","link":"https:\/\/www.cronacaonline.it\/index.php\/2011\/06\/07\/lavori-consiglio-regionale-sardegna-discussione-sul-collegato-alla-legge-finanziaria-2011-2013-riepilogo-generale-della-mattinata-3\/","title":{"rendered":"Lavori Consiglio regionale Sardegna: discussione sul collegato alla Legge Finanziaria 2011-2013 (riepilogo generale della mattinata) (3)"},"content":{"rendered":"<p><SPAN style=\"LINE-HEIGHT: 115%; FONT-FAMILY: 'Verdana', 'sans-serif'; FONT-SIZE: 12pt; mso-fareast-language: IT\">Attilio Dedoni (Riformatori Sardi Liberaldemocratici) ha denunciato il carattere omnibus<\/SPAN><SPAN style=\"LINE-HEIGHT: 115%; FONT-FAMILY: 'Verdana', 'sans-serif'; FONT-SIZE: 12pt; mso-fareast-language: IT; mso-bidi-font-family: Verdana\">&#8221;<\/SPAN><SPAN style=\"LINE-HEIGHT: 115%; FONT-FAMILY: 'Verdana', 'sans-serif'; FONT-SIZE: 12pt; mso-fareast-language: IT\"> della Terza commissione, spiegando che se c<\/SPAN><SPAN style=\"LINE-HEIGHT: 115%; FONT-FAMILY: 'Verdana', 'sans-serif'; FONT-SIZE: 12pt; mso-fareast-language: IT; mso-bidi-font-family: Verdana\">\u2019<\/SPAN><SPAN style=\"LINE-HEIGHT: 115%; FONT-FAMILY: 'Verdana', 'sans-serif'; FONT-SIZE: 12pt; mso-fareast-language: IT\">\u00e8 una proposta di legge che non deve passare nella commissione di merito, con un accordo trasversale, la si inserisce nel collegato. Una strada condannata dall<\/SPAN><SPAN style=\"LINE-HEIGHT: 115%; FONT-FAMILY: 'Verdana', 'sans-serif'; FONT-SIZE: 12pt; mso-fareast-language: IT; mso-bidi-font-family: Verdana\">\u2019<\/SPAN><SPAN style=\"LINE-HEIGHT: 115%; FONT-FAMILY: 'Verdana', 'sans-serif'; FONT-SIZE: 12pt; mso-fareast-language: IT\">esponente dei Riformatori, che ha richiamato i suoi colleghi all<\/SPAN><SPAN style=\"LINE-HEIGHT: 115%; FONT-FAMILY: 'Verdana', 'sans-serif'; FONT-SIZE: 12pt; mso-fareast-language: IT; mso-bidi-font-family: Verdana\">\u2019<\/SPAN><SPAN style=\"LINE-HEIGHT: 115%; FONT-FAMILY: 'Verdana', 'sans-serif'; FONT-SIZE: 12pt; mso-fareast-language: IT\">etica e alla morale. Credo che sia ora che ciascuno di noi - ha dichiarato - si assuma le proprie responsabilit\u00e0 nell<\/SPAN><SPAN style=\"LINE-HEIGHT: 115%; FONT-FAMILY: 'Verdana', 'sans-serif'; FONT-SIZE: 12pt; mso-fareast-language: IT; mso-bidi-font-family: Verdana\">\u2019<\/SPAN><SPAN style=\"LINE-HEIGHT: 115%; FONT-FAMILY: 'Verdana', 'sans-serif'; FONT-SIZE: 12pt; mso-fareast-language: IT\">interesse del popolo sardo. Credo che, pi\u00f9 che mai,&nbsp;- ha continuato - dovremmo essere compartecipi di una soluzione definitiva per Abbanoa e anche per il sistema legato alla cultura<\/SPAN><SPAN style=\"LINE-HEIGHT: 115%; FONT-FAMILY: 'Verdana', 'sans-serif'; FONT-SIZE: 12pt; mso-fareast-language: IT; mso-bidi-font-family: Verdana\">&#8221;<\/SPAN><SPAN style=\"LINE-HEIGHT: 115%; FONT-FAMILY: 'Verdana', 'sans-serif'; FONT-SIZE: 12pt; mso-fareast-language: IT\">. Per fare questo \u00e8 pero necessario che le <\/SPAN><SPAN style=\"LINE-HEIGHT: 115%; FONT-FAMILY: 'Verdana', 'sans-serif'; FONT-SIZE: 12pt; mso-fareast-language: IT; mso-bidi-font-family: Verdana\">&#8220;<\/SPAN><SPAN style=\"LINE-HEIGHT: 115%; FONT-FAMILY: 'Verdana', 'sans-serif'; FONT-SIZE: 12pt; mso-fareast-language: IT\">numerose leggi risolutive presentate in commissione<\/SPAN><SPAN style=\"LINE-HEIGHT: 115%; FONT-FAMILY: 'Verdana', 'sans-serif'; FONT-SIZE: 12pt; mso-fareast-language: IT; mso-bidi-font-family: Verdana\">&#8221;<\/SPAN><SPAN style=\"LINE-HEIGHT: 115%; FONT-FAMILY: 'Verdana', 'sans-serif'; FONT-SIZE: 12pt; mso-fareast-language: IT\"> siano poi portate in Aula, dimostrando che l<\/SPAN><SPAN style=\"LINE-HEIGHT: 115%; FONT-FAMILY: 'Verdana', 'sans-serif'; FONT-SIZE: 12pt; mso-fareast-language: IT; mso-bidi-font-family: Verdana\">\u2019<\/SPAN><SPAN style=\"LINE-HEIGHT: 115%; FONT-FAMILY: 'Verdana', 'sans-serif'; FONT-SIZE: 12pt; mso-fareast-language: IT\">attenzione per la Sardegna va al di l\u00e0 degli schieramenti politici. Occorre quindi guardare verso un partito dei sardi<\/SPAN><SPAN style=\"LINE-HEIGHT: 115%; FONT-FAMILY: 'Verdana', 'sans-serif'; FONT-SIZE: 12pt; mso-fareast-language: IT; mso-bidi-font-family: Verdana\"> <\/SPAN><SPAN style=\"LINE-HEIGHT: 115%; FONT-FAMILY: 'Verdana', 'sans-serif'; FONT-SIZE: 12pt; mso-fareast-language: IT\">che superi la logica dell<\/SPAN><SPAN style=\"LINE-HEIGHT: 115%; FONT-FAMILY: 'Verdana', 'sans-serif'; FONT-SIZE: 12pt; mso-fareast-language: IT; mso-bidi-font-family: Verdana\">\u2019<\/SPAN><SPAN style=\"LINE-HEIGHT: 115%; FONT-FAMILY: 'Verdana', 'sans-serif'; FONT-SIZE: 12pt; mso-fareast-language: IT\">interesse portata aventi dalle <\/SPAN><SPAN style=\"LINE-HEIGHT: 115%; FONT-FAMILY: 'Verdana', 'sans-serif'; FONT-SIZE: 12pt; mso-fareast-language: IT; mso-bidi-font-family: Verdana\">&#8220;<\/SPAN><SPAN style=\"LINE-HEIGHT: 115%; FONT-FAMILY: 'Verdana', 'sans-serif'; FONT-SIZE: 12pt; mso-fareast-language: IT\">combriccole.Noi vogliamo&nbsp;&nbsp;- ha concluso - che ci sia una nuova logica: un collegato snello che chiuda definitivamente le questioni Abbanoa e sanit\u00e0. Se non faremo questo, saremo tutti responsabili e colpevoli, da destra a sinistra passando per il centro.<\/SPAN><\/p>\n<p><SPAN style=\"LINE-HEIGHT: 115%; FONT-FAMILY: 'Verdana', 'sans-serif'; FONT-SIZE: 12pt; mso-fareast-language: IT\">Il capogruppo del Pdl, Mario Diana, ha ribattuto alle accuse mosse alla Giunta e alla maggioranza di Giampaolo Diana (Pd), il quale ha elencato tutti i tagli operati al bilancio per finanziare il Collegato alla manovra. Si tratta <\/SPAN><SPAN style=\"LINE-HEIGHT: 115%; FONT-FAMILY: 'Verdana', 'sans-serif'; FONT-SIZE: 12pt; mso-fareast-language: IT; mso-bidi-font-family: Verdana\">&#8211;<\/SPAN><SPAN style=\"LINE-HEIGHT: 115%; FONT-FAMILY: 'Verdana', 'sans-serif'; FONT-SIZE: 12pt; mso-fareast-language: IT\"> ha affermato - di&nbsp;&nbsp;notizie non fondate. Mario Diana ha evidenziato come sia fondamentale intervenire su Abbanoa. <A href=\"javascript:mails_addtocal(1,%22Oggi%22);\"><SPAN style=\"COLOR: #ff8000; TEXT-DECORATION: none; text-underline: none\">Oggi<\/SPAN><\/A>&nbsp;siamo davanti a un disastro che rischia di arrivare in tribunale e noi dobbiamo intervenire. Non c<\/SPAN><SPAN style=\"LINE-HEIGHT: 115%; FONT-FAMILY: 'Verdana', 'sans-serif'; FONT-SIZE: 12pt; mso-fareast-language: IT; mso-bidi-font-family: Verdana\">\u2019<\/SPAN><SPAN style=\"LINE-HEIGHT: 115%; FONT-FAMILY: 'Verdana', 'sans-serif'; FONT-SIZE: 12pt; mso-fareast-language: IT\">\u00e8 una societ\u00e0 ha proseguito Diana - che si occupi di servizio idrico integrato che chiuda un bilancio in pari. Servirebbero 400 milioni di euro per sanare la situazione di Abbanoa. In questo momento non \u00e8 il momento di fare riforme del servizio integrato d<\/SPAN><SPAN style=\"LINE-HEIGHT: 115%; FONT-FAMILY: 'Verdana', 'sans-serif'; FONT-SIZE: 12pt; mso-fareast-language: IT; mso-bidi-font-family: Verdana\">\u2019<\/SPAN><SPAN style=\"LINE-HEIGHT: 115%; FONT-FAMILY: 'Verdana', 'sans-serif'; FONT-SIZE: 12pt; mso-fareast-language: IT\">acqua, bisogna salvare il salvabile, perch\u00e9 si rischia che vada a fondo non solo Abbanoa cos\u00ec come centinaia d<\/SPAN><SPAN style=\"LINE-HEIGHT: 115%; FONT-FAMILY: 'Verdana', 'sans-serif'; FONT-SIZE: 12pt; mso-fareast-language: IT; mso-bidi-font-family: Verdana\">\u2019<\/SPAN><SPAN style=\"LINE-HEIGHT: 115%; FONT-FAMILY: 'Verdana', 'sans-serif'; FONT-SIZE: 12pt; mso-fareast-language: IT\">imprese. E<\/SPAN><SPAN style=\"LINE-HEIGHT: 115%; FONT-FAMILY: 'Verdana', 'sans-serif'; FONT-SIZE: 12pt; mso-fareast-language: IT; mso-bidi-font-family: Verdana\"> <\/SPAN><SPAN style=\"LINE-HEIGHT: 115%; FONT-FAMILY: 'Verdana', 'sans-serif'; FONT-SIZE: 12pt; mso-fareast-language: IT\">fondamentale&nbsp;&nbsp;- ha poi concluso il capogruppo del Pdl spiegando che si sarebbero certo voluti evitare tagli -&nbsp;&nbsp;che il Pil della nostra Regione cresca, perch\u00e9 i soldi pubblici non sono pi\u00f9 sufficienti.<\/SPAN><\/p>\n<p><SPAN style=\"LINE-HEIGHT: 115%; FONT-FAMILY: 'Verdana', 'sans-serif'; FONT-SIZE: 12pt; mso-fareast-language: IT\">Ha poi preso la parola&nbsp;&nbsp;a Mario Bruno, capogruppo del Pd, che ha invitato l<\/SPAN><SPAN style=\"LINE-HEIGHT: 115%; FONT-FAMILY: 'Verdana', 'sans-serif'; FONT-SIZE: 12pt; mso-fareast-language: IT; mso-bidi-font-family: Verdana\">\u2019<\/SPAN><SPAN style=\"LINE-HEIGHT: 115%; FONT-FAMILY: 'Verdana', 'sans-serif'; FONT-SIZE: 12pt; mso-fareast-language: IT\">assessore regionale della Programmazione, Giorgio La Spisa, a ritirare questo Collegato e a concentrarci sulle cose serie qui contenute con una pi\u00f9 approfondita riflessione.&nbsp;&nbsp;E rivolgendosi ancora al rappresentante dell<\/SPAN><SPAN style=\"LINE-HEIGHT: 115%; FONT-FAMILY: 'Verdana', 'sans-serif'; FONT-SIZE: 12pt; mso-fareast-language: IT; mso-bidi-font-family: Verdana\">\u2019<\/SPAN><SPAN style=\"LINE-HEIGHT: 115%; FONT-FAMILY: 'Verdana', 'sans-serif'; FONT-SIZE: 12pt; mso-fareast-language: IT\">Esecutivo e alla maggioranza&nbsp;&nbsp;ha esortato i colleghi a non navigare a vista, a non proseguire con&nbsp;&nbsp;l<\/SPAN><SPAN style=\"LINE-HEIGHT: 115%; FONT-FAMILY: 'Verdana', 'sans-serif'; FONT-SIZE: 12pt; mso-fareast-language: IT; mso-bidi-font-family: Verdana\">\u2019<\/SPAN><SPAN style=\"LINE-HEIGHT: 115%; FONT-FAMILY: 'Verdana', 'sans-serif'; FONT-SIZE: 12pt; mso-fareast-language: IT\">agonia, visto che non si capisce pi\u00f9 chi \u00e8 in maggioranza o chi all<\/SPAN><SPAN style=\"LINE-HEIGHT: 115%; FONT-FAMILY: 'Verdana', 'sans-serif'; FONT-SIZE: 12pt; mso-fareast-language: IT; mso-bidi-font-family: Verdana\">\u2019<\/SPAN><SPAN style=\"LINE-HEIGHT: 115%; FONT-FAMILY: 'Verdana', 'sans-serif'; FONT-SIZE: 12pt; mso-fareast-language: IT\">opposizione, e che nonostante sia stata&nbsp;&nbsp;chiesta una sospensiva, anche da una parte della maggioranza, ossia dal Gruppo dei Riformatori sardi, per attuare una riflessione approfondita anche su Abbanoa abbiamo deciso di andare avanti. E intanto c<\/SPAN><SPAN style=\"LINE-HEIGHT: 115%; FONT-FAMILY: 'Verdana', 'sans-serif'; FONT-SIZE: 12pt; mso-fareast-language: IT; mso-bidi-font-family: Verdana\">\u2019<\/SPAN><SPAN style=\"LINE-HEIGHT: 115%; FONT-FAMILY: 'Verdana', 'sans-serif'; FONT-SIZE: 12pt; mso-fareast-language: IT\">\u00e8 la crisi della Chimica, dell<\/SPAN><SPAN style=\"LINE-HEIGHT: 115%; FONT-FAMILY: 'Verdana', 'sans-serif'; FONT-SIZE: 12pt; mso-fareast-language: IT; mso-bidi-font-family: Verdana\">\u2019<\/SPAN><SPAN style=\"LINE-HEIGHT: 115%; FONT-FAMILY: 'Verdana', 'sans-serif'; FONT-SIZE: 12pt; mso-fareast-language: IT\">Industria e di tutto questo non se ne parla.&nbsp;<A href=\"javascript:mails_addtocal(1,%22Oggi%22);\"><SPAN style=\"COLOR: #ff8000; TEXT-DECORATION: none; text-underline: none\">Oggi<\/SPAN><\/A>&nbsp;gli operai della Vinyls sono da Giorgio Napolitano perch\u00e9 a questi lavoratori \u00e8 rimasto soltanto il presidente della Repubblica perch\u00e9 noi non siamo stati capaci di dar loro risposte concrete<\/SPAN><SPAN style=\"LINE-HEIGHT: 115%; FONT-FAMILY: 'Verdana', 'sans-serif'; FONT-SIZE: 12pt; mso-fareast-language: IT; mso-bidi-font-family: Verdana\">&#8221;<\/SPAN><SPAN style=\"LINE-HEIGHT: 115%; FONT-FAMILY: 'Verdana', 'sans-serif'; FONT-SIZE: 12pt; mso-fareast-language: IT\">. Secondo Bruno: Bisogna che ci confrontiamo sulla mancata spesa dei fondi comunitari, ma anche su Abbanoa. Diana chiede a noi le soluzioni: siete voi in maggioranza e dovete fare delle scelte come abbiamo fatto noi quando eravamo al governo. Noi faremo la nostra parte ma ogni tanto fateci una proposta<\/SPAN><SPAN style=\"LINE-HEIGHT: 115%; FONT-FAMILY: 'Verdana', 'sans-serif'; FONT-SIZE: 12pt; mso-fareast-language: IT; mso-bidi-font-family: Verdana\">&#8221;<\/SPAN><SPAN style=\"LINE-HEIGHT: 115%; FONT-FAMILY: 'Verdana', 'sans-serif'; FONT-SIZE: 12pt; mso-fareast-language: IT\">. E ha concluso: I tagli dei fondi citati Giampaolo Diana sono reali. Confermo il mio invito alla Giunta di ritirare il Collegato.&nbsp;<\/SPAN><\/p>\n<p><SPAN style=\"LINE-HEIGHT: 115%; FONT-FAMILY: 'Verdana', 'sans-serif'; FONT-SIZE: 12pt; mso-fareast-language: IT\">Prima che la presidente Lombardo desse la parola alla Giunta, \u00e8 stata richiesta di Adriano Salis (capogruppo dell<\/SPAN><SPAN style=\"LINE-HEIGHT: 115%; FONT-FAMILY: 'Verdana', 'sans-serif'; FONT-SIZE: 12pt; mso-fareast-language: IT; mso-bidi-font-family: Verdana\">\u2019<\/SPAN><SPAN style=\"LINE-HEIGHT: 115%; FONT-FAMILY: 'Verdana', 'sans-serif'; FONT-SIZE: 12pt; mso-fareast-language: IT\">Idv) la verifica del numero legale. I lavori sono proseguiti regolarmente visto che era presente in Aula il numero di consiglieri previsto dal Regolamento.<\/SPAN><\/p>\n<p><SPAN style=\"LINE-HEIGHT: 115%; FONT-FAMILY: 'Verdana', 'sans-serif'; FONT-SIZE: 12pt; mso-fareast-language: IT\">Per&nbsp;la Giunta&nbsp;ha preso la parola l<\/SPAN><SPAN style=\"LINE-HEIGHT: 115%; FONT-FAMILY: 'Verdana', 'sans-serif'; FONT-SIZE: 12pt; mso-fareast-language: IT; mso-bidi-font-family: Verdana\">\u2019<\/SPAN><SPAN style=\"LINE-HEIGHT: 115%; FONT-FAMILY: 'Verdana', 'sans-serif'; FONT-SIZE: 12pt; mso-fareast-language: IT\">assessore alla Programmazione economica Giorgio&nbsp;La Spisa&nbsp;che ha spiegato come <\/SPAN><SPAN style=\"LINE-HEIGHT: 115%; FONT-FAMILY: 'Verdana', 'sans-serif'; FONT-SIZE: 12pt; mso-fareast-language: IT; mso-bidi-font-family: Verdana\">&#8220;<\/SPAN><SPAN style=\"LINE-HEIGHT: 115%; FONT-FAMILY: 'Verdana', 'sans-serif'; FONT-SIZE: 12pt; mso-fareast-language: IT\">la sempre pi\u00f9 crescente difficolt\u00e0 del Consiglio regionale a fare le leggi porta a utilizzare alcuni disegni di legge come contenitori, ma questo non avviene in mala fede ma per necessit\u00e0. Per quanto riguarda Abbanoa, tema centrale dell<\/SPAN><SPAN style=\"LINE-HEIGHT: 115%; FONT-FAMILY: 'Verdana', 'sans-serif'; FONT-SIZE: 12pt; mso-fareast-language: IT; mso-bidi-font-family: Verdana\">\u2019<\/SPAN><SPAN style=\"LINE-HEIGHT: 115%; FONT-FAMILY: 'Verdana', 'sans-serif'; FONT-SIZE: 12pt; mso-fareast-language: IT\">articolo in discussione,&nbsp;La Spisa&nbsp;ha ribadito quanto gi\u00e0 espresso in sede di presentazione sul carattere di emergenza sia sul piano sostanziale che per quanto riguarda la copertura finanziaria e che il provvedimento sintetizza un ddl gi\u00e0 presentato dalla giunta nel luglio del 2010. Pi\u00f9 passa il tempo pi\u00f9 la situazione si aggrava <\/SPAN><SPAN style=\"LINE-HEIGHT: 115%; FONT-FAMILY: 'Verdana', 'sans-serif'; FONT-SIZE: 12pt; mso-fareast-language: IT; mso-bidi-font-family: Verdana\">&#8211;<\/SPAN><SPAN style=\"LINE-HEIGHT: 115%; FONT-FAMILY: 'Verdana', 'sans-serif'; FONT-SIZE: 12pt; mso-fareast-language: IT\"> ha sottolineato l<\/SPAN><SPAN style=\"LINE-HEIGHT: 115%; FONT-FAMILY: 'Verdana', 'sans-serif'; FONT-SIZE: 12pt; mso-fareast-language: IT; mso-bidi-font-family: Verdana\">\u2019<\/SPAN><SPAN style=\"LINE-HEIGHT: 115%; FONT-FAMILY: 'Verdana', 'sans-serif'; FONT-SIZE: 12pt; mso-fareast-language: IT\">assessore - dobbiamo affrontarla e verificare su quale parte del Bilancio influire per recuperare le risorse. Per&nbsp;La Spisa&nbsp;la proposta della giunta \u00e8 coraggiosa in quanto mira a modificare un sistema che produce soltanto perdite e che \u00e8 nato esplicitamente sotto il controllo politico. Al Consiglio la scelta se lasciare la situazione cos\u00ec com<\/SPAN><SPAN style=\"LINE-HEIGHT: 115%; FONT-FAMILY: 'Verdana', 'sans-serif'; FONT-SIZE: 12pt; mso-fareast-language: IT; mso-bidi-font-family: Verdana\">\u2019<\/SPAN><SPAN style=\"LINE-HEIGHT: 115%; FONT-FAMILY: 'Verdana', 'sans-serif'; FONT-SIZE: 12pt; mso-fareast-language: IT\">\u00e8 e andare puntualmente a coprire le perdite sottraendo risorse da capitoli importanti, oppure fare una scelta coraggiosa e tentare di cambiarlo. Per l<\/SPAN><SPAN style=\"LINE-HEIGHT: 115%; FONT-FAMILY: 'Verdana', 'sans-serif'; FONT-SIZE: 12pt; mso-fareast-language: IT; mso-bidi-font-family: Verdana\">\u2019<\/SPAN><SPAN style=\"LINE-HEIGHT: 115%; FONT-FAMILY: 'Verdana', 'sans-serif'; FONT-SIZE: 12pt; mso-fareast-language: IT\">assessore sarebbe pericolosa una scelta che porti ad intaccare risorse da settori fondamentali come il fondo di programmazione negoziata perch\u00e9 avrebbe conseguenza pesanti. Sul Fesr, Fondo Europeo per lo Sviluppo Regionale,&nbsp;La Spisa&nbsp;ha ricordato che la lettera del commissario europeo \u00e8 stata inviata a tutte le regioni a rischio disimpegno, che ammonta a circa sette milioni in tutta Italia, e tra queste la regione Sardegna \u00e8 quella che spende pi\u00f9 delle altre.&nbsp;La Spisa&nbsp;ha poi ribadito che il programma, partito nel 2007 concedeva tempi stretti e che la giunta precedente non ha fatto seguito agli impegni: Su 273 milioni che dovevano essere spesi entro il 2009 ne era stato speso uno, ora stiamo accelerando, entro il 2011 dovranno essere spesi 640 milioni, e finora ne abbiamo utilizzato&nbsp;350. In questi giorni la giunta dovr\u00e0 prendere decisioni importanti per la parte mancante.<\/SPAN><\/p>\n<p><SPAN style=\"LINE-HEIGHT: 115%; FONT-FAMILY: 'Verdana', 'sans-serif'; FONT-SIZE: 12pt; mso-fareast-language: IT\">La presidente Lombardo ha dato la parola al relatore di maggioranza Paolo Maninchedda per il parere sugli emendamenti.&nbsp;La Giunta&nbsp;ha poi dato il suo parere conforme.<\/SPAN><\/p>\n<p><SPAN style=\"LINE-HEIGHT: 115%; FONT-FAMILY: 'Verdana', 'sans-serif'; FONT-SIZE: 12pt; mso-fareast-language: IT\">La presidente ha messo in votazione l<\/SPAN><SPAN style=\"LINE-HEIGHT: 115%; FONT-FAMILY: 'Verdana', 'sans-serif'; FONT-SIZE: 12pt; mso-fareast-language: IT; mso-bidi-font-family: Verdana\">\u2019<\/SPAN><SPAN style=\"LINE-HEIGHT: 115%; FONT-FAMILY: 'Verdana', 'sans-serif'; FONT-SIZE: 12pt; mso-fareast-language: IT\">articolo 15 quinquies che \u00e8 stato approvato. Red<\/SPAN><\/p>\n<p><SPAN style=\"LINE-HEIGHT: 115%; FONT-FAMILY: 'Verdana', 'sans-serif'; FONT-SIZE: 12pt; mso-fareast-language: IT\"><\/SPAN>&nbsp;<\/p>\n<p><SPAN style=\"LINE-HEIGHT: 115%; FONT-FAMILY: 'Verdana', 'sans-serif'; FONT-SIZE: 12pt; mso-fareast-language: IT\"><\/SPAN>&nbsp;<\/p>\n<p><FONT face=\"\">&nbsp;<\/FONT><\/p>\n","protected":false},"excerpt":{"rendered":"<p>Attilio Dedoni (Riformatori Sardi Liberaldemocratici) ha denunciato il carattere omnibus&#8221; della Terza commissione, spiegando che se c\u2019\u00e8 una proposta di legge che non deve passare&#8230;<\/p>\n","protected":false},"author":2,"featured_media":0,"comment_status":"closed","ping_status":"closed","sticky":false,"template":"","format":"standard","meta":[],"categories":[49],"tags":[],"_links":{"self":[{"href":"https:\/\/www.cronacaonline.it\/index.php\/wp-json\/wp\/v2\/posts\/68219"}],"collection":[{"href":"https:\/\/www.cronacaonline.it\/index.php\/wp-json\/wp\/v2\/posts"}],"about":[{"href":"https:\/\/www.cronacaonline.it\/index.php\/wp-json\/wp\/v2\/types\/post"}],"author":[{"embeddable":true,"href":"https:\/\/www.cronacaonline.it\/index.php\/wp-json\/wp\/v2\/users\/2"}],"replies":[{"embeddable":true,"href":"https:\/\/www.cronacaonline.it\/index.php\/wp-json\/wp\/v2\/comments?post=68219"}],"version-history":[{"count":0,"href":"https:\/\/www.cronacaonline.it\/index.php\/wp-json\/wp\/v2\/posts\/68219\/revisions"}],"wp:attachment":[{"href":"https:\/\/www.cronacaonline.it\/index.php\/wp-json\/wp\/v2\/media?parent=68219"}],"wp:term":[{"taxonomy":"category","embeddable":true,"href":"https:\/\/www.cronacaonline.it\/index.php\/wp-json\/wp\/v2\/categories?post=68219"},{"taxonomy":"post_tag","embeddable":true,"href":"https:\/\/www.cronacaonline.it\/index.php\/wp-json\/wp\/v2\/tags?post=68219"}],"curies":[{"name":"wp","href":"https:\/\/api.w.org\/{rel}","templated":true}]}}