{"id":68197,"date":"2011-06-04T00:00:00","date_gmt":"2011-06-03T22:00:00","guid":{"rendered":"http:\/\/www.cronacaonline.it\/public\/content\/index.php\/2011\/06\/04\/oggi-tre-regate-per-litalia-cup-nel-golfo-di-arzachena-strazzera-leader-negli-standard-dopo-tre-giornate\/"},"modified":"2011-06-04T00:00:00","modified_gmt":"2011-06-03T22:00:00","slug":"oggi-tre-regate-per-litalia-cup-nel-golfo-di-arzachena-strazzera-leader-negli-standard-dopo-tre-giornate","status":"publish","type":"post","link":"https:\/\/www.cronacaonline.it\/index.php\/2011\/06\/04\/oggi-tre-regate-per-litalia-cup-nel-golfo-di-arzachena-strazzera-leader-negli-standard-dopo-tre-giornate\/","title":{"rendered":"Oggi tre regate per l\u2019Italia cup nel golfo di Arzachena: Strazzera leader negli standard dopo tre giornate"},"content":{"rendered":"<p><SPAN style=\"LINE-HEIGHT: 115%; FONT-FAMILY: 'Verdana', 'sans-serif'; FONT-SIZE: 12pt\">Dopo il nulla di fatto di ieri causato dell\u2019assenza di vento, oggi nel campo di regata antistante la secca di Tre Monti, all\u2019uscita del golfo di Arzachena, i 166 laser in gara per l\u2019Italia Cup hanno svolto tre regate accompagnati da 10-12 nodi di grecale. La manifestazione \u00e8 organizzata dal Club Nautico Arzachena in collaborazione con Assolaser e si concluder\u00e0 domenica 5 giugno.<\/SPAN><\/p>\n<p><SPAN style=\"LINE-HEIGHT: 115%; FONT-FAMILY: 'Verdana', 'sans-serif'; FONT-SIZE: 12pt\">Enrico Strazzera, battente guidone dello Yacht Club Cagliari, si conferma leader delle prove svolte sino ad oggi nella categoria standard. Fin dalla prima giornata ha alternato primi e secondi posti \u201cHo ricominciato a regatare da marzo dopo un brutto infortunio e sto tornando al meglio della forma. In campo nazionale sono sempre andato forte, nella ranking list Fiv sono al primo posto\u201d<SPAN style=\"mso-spacerun: yes\">&nbsp; <\/SPAN>e aggiunge \u201cin questa gara a Cannigione ci stiamo giocando le prime posizioni con Carlo De Paoli e Luca Antognoli, sono entrambi molto veloci ma fino ad oggi ho avuto io la meglio\u201d<\/SPAN><\/p>\n<p><SPAN style=\"LINE-HEIGHT: 115%; FONT-FAMILY: 'Verdana', 'sans-serif'; FONT-SIZE: 12pt\">Nei Laser Radial, ancora una splendida prestazione per Pietro Parisi del Circolo Vela Torbole, che conquista una vittoria e due secondi posti, aumentando il proprio vantaggio in classifica generale, davanti a Tommaso Centonze e Marco Zani.<\/SPAN><\/p>\n<p><SPAN style=\"LINE-HEIGHT: 115%; FONT-FAMILY: 'Verdana', 'sans-serif'; FONT-SIZE: 12pt\">Tante emozioni anche fra i Laser 4.7, con una vittoria a testa per Silvia Basti, Tommaso Ros\u00e0 e Angelo Gasparini. In classifica, sono per\u00f2 due atleti del Circolo Nautico Amici della Vela Cervia a comandare la flotta, con Jacopo Fanti in prima posizione e Luca Rosetti in seconda. Terza piazza per Angelo Gasparini. <\/SPAN><\/p>\n<p><SPAN style=\"LINE-HEIGHT: 115%; FONT-FAMILY: 'Verdana', 'sans-serif'; FONT-SIZE: 12pt\">Proprio nei 4.7 l\u2019attenzione della Gallura \u00e8 tutta puntata sulla squadra esordiente dello Yacht Club Porto Rotondo allenata da Camillo Zucconi. Vincenzo Marfoli e Umberto Mauric regatano ancora in Optimist e sono alla loro prima esperienza con il laser 4.7, cos\u00ec come Laura Lombardo e Marco Marcellino che arrivano invece dai 420. Giovanni Maria Lombardo \u00e8 il pi\u00f9 esperto del gruppo ed \u00e8 impegnato nella categoria radial. \u201cDopo Cannigione proseguiremo con le altre tappe&gt; spiega Zucconi \u201cCi impegneremo anche nelle gare zonali per guadagnare punti e conquistare la selezione per gli italiani a Venezia\u201d. <\/SPAN><\/p>\n<p><SPAN style=\"LINE-HEIGHT: 115%; FONT-FAMILY: 'Verdana', 'sans-serif'; FONT-SIZE: 12pt\">&nbsp;<\/SPAN><\/p>\n<p><SPAN style=\"LINE-HEIGHT: 115%; FONT-FAMILY: 'Verdana', 'sans-serif'; FONT-SIZE: 12pt\">Anche domani molto probabilmente il comitato di regata dar\u00e0 il segnale per pi\u00f9 di due prove con inizio alle 11 dalla spiaggia del borgo di Cannigione.<\/SPAN><\/p>\n<p><SPAN style=\"LINE-HEIGHT: 115%; FONT-FAMILY: 'Verdana', 'sans-serif'; FONT-SIZE: 12pt\">Domani, con il campo di regata del Golfo di Arzachena pronto a regalare nuovi appassionanti duelli, sono in programma altre due prove. L\u2019inizio \u00e8 previsto alle 13:30. Red<\/SPAN><\/p>\n","protected":false},"excerpt":{"rendered":"<p>Dopo il nulla di fatto di ieri causato dell\u2019assenza di vento, oggi nel campo di regata antistante la secca di Tre Monti, all\u2019uscita del golfo&#8230;<\/p>\n","protected":false},"author":2,"featured_media":9670,"comment_status":"closed","ping_status":"closed","sticky":false,"template":"","format":"standard","meta":[],"categories":[49],"tags":[],"_links":{"self":[{"href":"https:\/\/www.cronacaonline.it\/index.php\/wp-json\/wp\/v2\/posts\/68197"}],"collection":[{"href":"https:\/\/www.cronacaonline.it\/index.php\/wp-json\/wp\/v2\/posts"}],"about":[{"href":"https:\/\/www.cronacaonline.it\/index.php\/wp-json\/wp\/v2\/types\/post"}],"author":[{"embeddable":true,"href":"https:\/\/www.cronacaonline.it\/index.php\/wp-json\/wp\/v2\/users\/2"}],"replies":[{"embeddable":true,"href":"https:\/\/www.cronacaonline.it\/index.php\/wp-json\/wp\/v2\/comments?post=68197"}],"version-history":[{"count":0,"href":"https:\/\/www.cronacaonline.it\/index.php\/wp-json\/wp\/v2\/posts\/68197\/revisions"}],"wp:featuredmedia":[{"embeddable":true,"href":"https:\/\/www.cronacaonline.it\/index.php\/wp-json\/"}],"wp:attachment":[{"href":"https:\/\/www.cronacaonline.it\/index.php\/wp-json\/wp\/v2\/media?parent=68197"}],"wp:term":[{"taxonomy":"category","embeddable":true,"href":"https:\/\/www.cronacaonline.it\/index.php\/wp-json\/wp\/v2\/categories?post=68197"},{"taxonomy":"post_tag","embeddable":true,"href":"https:\/\/www.cronacaonline.it\/index.php\/wp-json\/wp\/v2\/tags?post=68197"}],"curies":[{"name":"wp","href":"https:\/\/api.w.org\/{rel}","templated":true}]}}