{"id":68176,"date":"2011-06-23T00:00:00","date_gmt":"2011-06-22T22:00:00","guid":{"rendered":"http:\/\/www.cronacaonline.it\/public\/content\/index.php\/2011\/06\/23\/paolo-fresu-ritrova-langel-quartet-con-nguyen-le-furio-di-castri-e-roberto-gatto-domani-sera-a-santa-cristina\/"},"modified":"2011-06-23T00:00:00","modified_gmt":"2011-06-22T22:00:00","slug":"paolo-fresu-ritrova-langel-quartet-con-nguyen-le-furio-di-castri-e-roberto-gatto-domani-sera-a-santa-cristina","status":"publish","type":"post","link":"https:\/\/www.cronacaonline.it\/index.php\/2011\/06\/23\/paolo-fresu-ritrova-langel-quartet-con-nguyen-le-furio-di-castri-e-roberto-gatto-domani-sera-a-santa-cristina\/","title":{"rendered":"Paolo Fresu ritrova l&#8217;Angel Quartet con Nguy\u00ean L\u00ea, Furio Di Castri e Roberto Gatto domani sera a Santa Cristina."},"content":{"rendered":"<p>Domani, venerd\u00ec 24 giugno, alle 21.30, a Paulilatino (Or), nella zona archeologica di Santa Cristina, si svolger\u00e0 il concerto del trombettista di Berchidda, Paolo Fresu (tromba e flicorno), che ritrova Nguyen Le (chitarra), Furio Di Castri (contrabbasso) e Roberto Gatto (batteria), per ricomporre per una sera l'Angel Quartet, uno dei progetti pi\u00f9 interessanti tra i tanti varati dall'inesauribile trombettista sardo. <BR><\/p>\n<p><BR>Il quartetto nasce nel 1994 come alter ego elettroacustico dell'allora gi\u00e0 avviatissimo quintetto \"storico\" di Paolo Fresu, e coinvolge il chitarrista franco-vietnamita insieme a una sezione ritmica composta da due nomi del calibro di Di Castri e Gatto, uno dei batteristi pi\u00f9 ricercati della scena europea. <BR><BR>Spaziando tra ballads e standard, riletture di grandi classici come Monteverdi e Strauss e momenti decisamente rockeggianti (l'Angel che d\u00e0 il nome al quartetto e al suo primo disco \u00e8 l'indimenticabile pezzo di Jimi Hendrix), la formazione spiazza qualche critico ma conquista in compenso il pubblico, come dimostrano il successo di vendite dei due dischi (\"Angel\", del 1997, e \"Metamorfosi\", uscito nel 1999) e l'intensa attivit\u00e0 concertistica di questo gruppo che di fatto non esiste pi\u00f9, sebbene non abbia mai tenuto un ultimo concerto ufficiale. Anche per questo motivo, quello di domani sera nell'area archeologica di Santa Cristina \u00e8 un appuntamento da non perdere per i jazzofili, reso possibile grazie al contributo del Comune di Paulilatino. Com.<\/p>\n","protected":false},"excerpt":{"rendered":"<p>Domani, venerd\u00ec 24 giugno, alle 21.30, a Paulilatino (Or), nella zona archeologica di Santa Cristina, si svolger\u00e0 il concerto del trombettista di Berchidda, Paolo Fresu&#8230;<\/p>\n","protected":false},"author":2,"featured_media":0,"comment_status":"closed","ping_status":"closed","sticky":false,"template":"","format":"standard","meta":[],"categories":[49],"tags":[],"_links":{"self":[{"href":"https:\/\/www.cronacaonline.it\/index.php\/wp-json\/wp\/v2\/posts\/68176"}],"collection":[{"href":"https:\/\/www.cronacaonline.it\/index.php\/wp-json\/wp\/v2\/posts"}],"about":[{"href":"https:\/\/www.cronacaonline.it\/index.php\/wp-json\/wp\/v2\/types\/post"}],"author":[{"embeddable":true,"href":"https:\/\/www.cronacaonline.it\/index.php\/wp-json\/wp\/v2\/users\/2"}],"replies":[{"embeddable":true,"href":"https:\/\/www.cronacaonline.it\/index.php\/wp-json\/wp\/v2\/comments?post=68176"}],"version-history":[{"count":0,"href":"https:\/\/www.cronacaonline.it\/index.php\/wp-json\/wp\/v2\/posts\/68176\/revisions"}],"wp:attachment":[{"href":"https:\/\/www.cronacaonline.it\/index.php\/wp-json\/wp\/v2\/media?parent=68176"}],"wp:term":[{"taxonomy":"category","embeddable":true,"href":"https:\/\/www.cronacaonline.it\/index.php\/wp-json\/wp\/v2\/categories?post=68176"},{"taxonomy":"post_tag","embeddable":true,"href":"https:\/\/www.cronacaonline.it\/index.php\/wp-json\/wp\/v2\/tags?post=68176"}],"curies":[{"name":"wp","href":"https:\/\/api.w.org\/{rel}","templated":true}]}}