{"id":68170,"date":"2011-06-06T00:00:00","date_gmt":"2011-06-05T22:00:00","guid":{"rendered":"http:\/\/www.cronacaonline.it\/public\/content\/index.php\/2011\/06\/06\/vertice-pdl-lega-la-solita-montagna-ha-partorito-il-solito-topolino\/"},"modified":"2011-06-06T00:00:00","modified_gmt":"2011-06-05T22:00:00","slug":"vertice-pdl-lega-la-solita-montagna-ha-partorito-il-solito-topolino","status":"publish","type":"post","link":"https:\/\/www.cronacaonline.it\/index.php\/2011\/06\/06\/vertice-pdl-lega-la-solita-montagna-ha-partorito-il-solito-topolino\/","title":{"rendered":"Vertice Pdl-Lega: la solita montagna ha partorito il solito topolino"},"content":{"rendered":"<p><SPAN style=\"WIDOWS: 2; TEXT-TRANSFORM: none; TEXT-INDENT: 0px; BORDER-COLLAPSE: separate; FONT: 16px 'Times New Roman'; WHITE-SPACE: normal; ORPHANS: 2; LETTER-SPACING: normal; COLOR: rgb(0,0,0); WORD-SPACING: 0px; -webkit-border-horizontal-spacing: 0px; -webkit-border-vertical-spacing: 0px; -webkit-text-decorations-in-effect: none; -webkit-text-size-adjust: auto; -webkit-text-stroke-width: 0px\" class=Apple-style-span><SPAN style=\"LINE-HEIGHT: 18px; FONT-FAMILY: Georgia, Palatino, serif; COLOR: rgb(70,70,70); FONT-SIZE: 15px\" class=Apple-style-span>Dopo la \u00absberla\u00bb delle amministrative, per dirla alla Roberto Maroni, i big del partito di Silvio Berlusconi e quelli del Carroccio di Umberto Bossi si incontrano ad Arcore e provano a mettere a punto la<SPAN class=Apple-converted-space>&nbsp;<\/SPAN><a style=\"PADDING-BOTTOM: 0px; BORDER-RIGHT-WIDTH: 0px; FONT-STYLE: inherit; MARGIN: 0px; PADDING-LEFT: 0px; OUTLINE-WIDTH: 0px; PADDING-RIGHT: 0px; FONT-FAMILY: inherit; BORDER-TOP-WIDTH: 0px; BORDER-BOTTOM-WIDTH: 0px; COLOR: rgb(86,86,86); FONT-SIZE: 15px; VERTICAL-ALIGN: baseline; BORDER-LEFT-WIDTH: 0px; FONT-WEIGHT: inherit; TEXT-DECORATION: none; PADDING-TOP: 0px\" href=\"http:\/\/www.corriere.it\/politica\/11_giugno_06\/galluzzo-governo-vertice-asse-lega_7aa2ae8e-8ffc-11e0-bd7e-24c232303fed.shtml\" target=\"_blank\" rel=\"noopener noreferrer\"><U>strategia per il rilancio dell'azione di governo.<\/U><\/A>E a sentire<SPAN class=Apple-converted-space>&nbsp;<\/SPAN><B>Angelino Alfano<\/B>, gi\u00e0 investito del ruolo di segretario del Pdl, \u00absi \u00e8 ulteriormente rafforzata la volont\u00e0 di arrivare a fine legislatura\u00bb. <\/SPAN><\/SPAN><\/p>\n<p><SPAN style=\"WIDOWS: 2; TEXT-TRANSFORM: none; TEXT-INDENT: 0px; BORDER-COLLAPSE: separate; FONT: 16px 'Times New Roman'; WHITE-SPACE: normal; ORPHANS: 2; LETTER-SPACING: normal; COLOR: rgb(0,0,0); WORD-SPACING: 0px; -webkit-border-horizontal-spacing: 0px; -webkit-border-vertical-spacing: 0px; -webkit-text-decorations-in-effect: none; -webkit-text-size-adjust: auto; -webkit-text-stroke-width: 0px\" class=Apple-style-span><SPAN style=\"LINE-HEIGHT: 18px; FONT-FAMILY: Georgia, Palatino, serif; COLOR: rgb(70,70,70); FONT-SIZE: 15px\" class=Apple-style-span>Il vertice a Villa San Martino doveva servire soprattutto per fare il punto sull'asse Pdl-Lega e sul modo per rinsaldarlo, ma anche sulle politiche economiche dell'esecutivo e sulle mosse da attuare in vista della verifica parlamentare in programma a fine mese. Tra gli altri erano presenti anche Tremonti, Maroni, Calderoli, Giorgetti, Reguzzoni, Ghedini e Brancher. Al termine dell'incontro Alfano ostenta ottimismo: \u00abIl rapporto fra la Lega e Pdl, tra Berlusconi e Bossi \u00e8 solido\u00bb. E di conseguenza \u00abla maggioranza \u00e8 in grado di dare stabilit\u00e0 e, a differenza della sinistra, di portare aventi le riforme\u00bb.<\/SPAN><\/SPAN><\/p>\n<p><SPAN style=\"WIDOWS: 2; TEXT-TRANSFORM: none; TEXT-INDENT: 0px; BORDER-COLLAPSE: separate; FONT: 16px 'Times New Roman'; WHITE-SPACE: normal; ORPHANS: 2; LETTER-SPACING: normal; COLOR: rgb(0,0,0); WORD-SPACING: 0px; -webkit-border-horizontal-spacing: 0px; -webkit-border-vertical-spacing: 0px; -webkit-text-decorations-in-effect: none; -webkit-text-size-adjust: auto; -webkit-text-stroke-width: 0px\" class=Apple-style-span><SPAN style=\"LINE-HEIGHT: 18px; FONT-FAMILY: Georgia, Palatino, serif; COLOR: rgb(70,70,70); FONT-SIZE: 15px\" class=Apple-style-span>Il segretario conferma che non si \u00e8 parlato di vicepremier n\u00e8 di altre nomine. Neppure della sua sostituzione nell'esecutivo, visto che l'impegno nel partito \u00e8 stato considerato non sovrapponibile a quello di ministro della Giustizia: \u00abSe ne parler\u00e0 nelle prossime giornate o nelle prossime settimane, quando sar\u00e0 definita la mia nuova funzione attraverso la modifica dello statuto del Pdl\u00bb.<\/SPAN><\/SPAN><\/p>\n<p><SPAN style=\"WIDOWS: 2; TEXT-TRANSFORM: none; TEXT-INDENT: 0px; BORDER-COLLAPSE: separate; FONT: 16px 'Times New Roman'; WHITE-SPACE: normal; ORPHANS: 2; LETTER-SPACING: normal; COLOR: rgb(0,0,0); WORD-SPACING: 0px; -webkit-border-horizontal-spacing: 0px; -webkit-border-vertical-spacing: 0px; -webkit-text-decorations-in-effect: none; -webkit-text-size-adjust: auto; -webkit-text-stroke-width: 0px\" class=Apple-style-span><SPAN style=\"LINE-HEIGHT: 18px; FONT-FAMILY: Georgia, Palatino, serif; COLOR: rgb(70,70,70); FONT-SIZE: 15px\" class=Apple-style-span><SPAN style=\"WIDOWS: 2; TEXT-TRANSFORM: none; TEXT-INDENT: 0px; BORDER-COLLAPSE: separate; FONT: 16px 'Times New Roman'; WHITE-SPACE: normal; ORPHANS: 2; LETTER-SPACING: normal; COLOR: rgb(0,0,0); WORD-SPACING: 0px; -webkit-border-horizontal-spacing: 0px; -webkit-border-vertical-spacing: 0px; -webkit-text-decorations-in-effect: none; -webkit-text-size-adjust: auto; -webkit-text-stroke-width: 0px\" class=Apple-style-span><SPAN style=\"LINE-HEIGHT: 18px; FONT-FAMILY: Georgia, Palatino, serif; COLOR: rgb(70,70,70); FONT-SIZE: 15px\" class=Apple-style-span>Quanto all'economia, nel summit - riferisce sempre Alfano - \u00e8 stato \u00abconfermato l'obiettivo del pareggio di bilancio nel 2014 e il fatto che tutto questo dovr\u00e0 avvenire secondo i tempi previsti e secondo i vincoli che l'Unione Europea ci assegna\u00bb. Alfano non entra nello specifico dei provvedimenti: \u00abAbbiamo avuto un discorso di ordine generale e non era questa la sede in cui parlare in dettaglio ma ci\u00f2 che importa politicamente \u00e8 che si \u00e8 ulteriormente rafforzata la volont\u00e0 di andare avanti e concludere questa legislatura\u00bb.<\/SPAN><\/SPAN><\/SPAN><\/SPAN><\/p>\n<p><SPAN style=\"WIDOWS: 2; TEXT-TRANSFORM: none; TEXT-INDENT: 0px; BORDER-COLLAPSE: separate; FONT: 16px 'Times New Roman'; WHITE-SPACE: normal; ORPHANS: 2; LETTER-SPACING: normal; COLOR: rgb(0,0,0); WORD-SPACING: 0px; -webkit-border-horizontal-spacing: 0px; -webkit-border-vertical-spacing: 0px; -webkit-text-decorations-in-effect: none; -webkit-text-size-adjust: auto; -webkit-text-stroke-width: 0px\" class=Apple-style-span><SPAN style=\"LINE-HEIGHT: 18px; FONT-FAMILY: Georgia, Palatino, serif; COLOR: rgb(70,70,70); FONT-SIZE: 15px\" class=Apple-style-span><SPAN style=\"WIDOWS: 2; TEXT-TRANSFORM: none; TEXT-INDENT: 0px; BORDER-COLLAPSE: separate; FONT: 16px 'Times New Roman'; WHITE-SPACE: normal; ORPHANS: 2; LETTER-SPACING: normal; COLOR: rgb(0,0,0); WORD-SPACING: 0px; -webkit-border-horizontal-spacing: 0px; -webkit-border-vertical-spacing: 0px; -webkit-text-decorations-in-effect: none; -webkit-text-size-adjust: auto; -webkit-text-stroke-width: 0px\" class=Apple-style-span><SPAN style=\"LINE-HEIGHT: 18px; FONT-FAMILY: Georgia, Palatino, serif; COLOR: rgb(70,70,70); FONT-SIZE: 15px\" class=Apple-style-span><SPAN style=\"WIDOWS: 2; TEXT-TRANSFORM: none; TEXT-INDENT: 0px; BORDER-COLLAPSE: separate; FONT: 16px 'Times New Roman'; WHITE-SPACE: normal; ORPHANS: 2; LETTER-SPACING: normal; COLOR: rgb(0,0,0); WORD-SPACING: 0px; -webkit-border-horizontal-spacing: 0px; -webkit-border-vertical-spacing: 0px; -webkit-text-decorations-in-effect: none; -webkit-text-size-adjust: auto; -webkit-text-stroke-width: 0px\" class=Apple-style-span><SPAN style=\"LINE-HEIGHT: 18px; FONT-FAMILY: Georgia, Palatino, serif; COLOR: rgb(70,70,70); FONT-SIZE: 15px\" class=Apple-style-span>Intanto da Roma il persidente dei senatori pidiellini,<SPAN class=Apple-converted-space>&nbsp;<\/SPAN><B>Maurizio Gasparri<\/B>, spiega che \u00abil Pdl deve fissare al pi\u00f9 presto il suo consiglio nazionale e gi\u00e0 in quella occasione avviare un percorso per costruire un tessuto comune per l'area di centrodestra\u00bb. \u00abIl tema riguarda i cattolici ma anche quanti hanno condiviso riforme liberali - aggiunge -. Si pu\u00f2 sollecitare una discussione nel centrodestra. Non per\u00f2 favorire una sinistra che gi\u00e0 oggi, mentre festeggia successi, gi\u00e0 passa agli insulti tra Vendola e Bersani. Urso e Ronchi contribuiscono a un confronto positivo su contenuti che devo unire una ampia area di centro destra\u00bb.<\/SPAN><\/SPAN><\/SPAN><\/SPAN><\/SPAN><\/SPAN><\/p>\n<p><SPAN style=\"WIDOWS: 2; TEXT-TRANSFORM: none; TEXT-INDENT: 0px; BORDER-COLLAPSE: separate; FONT: 16px 'Times New Roman'; WHITE-SPACE: normal; ORPHANS: 2; LETTER-SPACING: normal; COLOR: rgb(0,0,0); WORD-SPACING: 0px; -webkit-border-horizontal-spacing: 0px; -webkit-border-vertical-spacing: 0px; -webkit-text-decorations-in-effect: none; -webkit-text-size-adjust: auto; -webkit-text-stroke-width: 0px\" class=Apple-style-span><SPAN style=\"LINE-HEIGHT: 18px; FONT-FAMILY: Georgia, Palatino, serif; COLOR: rgb(70,70,70); FONT-SIZE: 15px\" class=Apple-style-span><SPAN style=\"WIDOWS: 2; TEXT-TRANSFORM: none; TEXT-INDENT: 0px; BORDER-COLLAPSE: separate; FONT: 16px 'Times New Roman'; WHITE-SPACE: normal; ORPHANS: 2; LETTER-SPACING: normal; COLOR: rgb(0,0,0); WORD-SPACING: 0px; -webkit-border-horizontal-spacing: 0px; -webkit-border-vertical-spacing: 0px; -webkit-text-decorations-in-effect: none; -webkit-text-size-adjust: auto; -webkit-text-stroke-width: 0px\" class=Apple-style-span><SPAN style=\"LINE-HEIGHT: 18px; FONT-FAMILY: Georgia, Palatino, serif; COLOR: rgb(70,70,70); FONT-SIZE: 15px\" class=Apple-style-span><SPAN style=\"WIDOWS: 2; TEXT-TRANSFORM: none; TEXT-INDENT: 0px; BORDER-COLLAPSE: separate; FONT: 16px 'Times New Roman'; WHITE-SPACE: normal; ORPHANS: 2; LETTER-SPACING: normal; COLOR: rgb(0,0,0); WORD-SPACING: 0px; -webkit-border-horizontal-spacing: 0px; -webkit-border-vertical-spacing: 0px; -webkit-text-decorations-in-effect: none; -webkit-text-size-adjust: auto; -webkit-text-stroke-width: 0px\" class=Apple-style-span><SPAN style=\"LINE-HEIGHT: 18px; FONT-FAMILY: Georgia, Palatino, serif; COLOR: rgb(70,70,70); FONT-SIZE: 15px\" class=Apple-style-span><SPAN style=\"WIDOWS: 2; TEXT-TRANSFORM: none; TEXT-INDENT: 0px; BORDER-COLLAPSE: separate; FONT: 16px 'Times New Roman'; WHITE-SPACE: normal; ORPHANS: 2; LETTER-SPACING: normal; COLOR: rgb(0,0,0); WORD-SPACING: 0px; -webkit-border-horizontal-spacing: 0px; -webkit-border-vertical-spacing: 0px; -webkit-text-decorations-in-effect: none; -webkit-text-size-adjust: auto; -webkit-text-stroke-width: 0px\" class=Apple-style-span><SPAN style=\"LINE-HEIGHT: 18px; FONT-FAMILY: Georgia, Palatino, serif; COLOR: rgb(70,70,70); FONT-SIZE: 15px\" class=Apple-style-span>\u00abLa giornata si preannuncia piuttosto calda, non solo dal punto di vista metereologico\u00bb ha detto prima del vertice<B>Gianni Letta<\/B>, rompendo il suo tradizionale riserbo con una battuta che lasciava trasparire la grande attenzione per il confronto politico in corso. E dall'altro Letta, il nipote<SPAN class=Apple-converted-space>&nbsp;<\/SPAN><B>Enrico<\/B>, vicesegretario del Ps, ha chiosato a distanza che \u00able riforme utili per il Paese le faremo noi, il Governo \u00e8 fuori tempo massimo. Ad Arcore il tempo \u00e8 scaduto\u00bb. E aggiunge il segretario del Pd,<SPAN class=Apple-converted-space>&nbsp;<\/SPAN><B>Pier Luigi Bersani<\/B>: \u00abPrima delle elezioni amministrative circolava l'idea che se perdeva il Pdl guadagnava la Lega. Pertanto si ipotizzava che ci sarebbe stato un ribilanciamento interno alla maggioranza, con qualche aggiustamento: un vicepremier alla Lega, un ministro in pi\u00f9... Ma le cose non sono andate cos\u00ec e la maggioranza perde sia dal lato della Lega che da quello del Pdl\u00bb.<\/SPAN><\/SPAN><\/SPAN><\/SPAN><\/SPAN><\/SPAN><\/SPAN><\/SPAN><\/p>\n<p><SPAN style=\"WIDOWS: 2; TEXT-TRANSFORM: none; TEXT-INDENT: 0px; BORDER-COLLAPSE: separate; FONT: 16px 'Times New Roman'; WHITE-SPACE: normal; ORPHANS: 2; LETTER-SPACING: normal; COLOR: rgb(0,0,0); WORD-SPACING: 0px; -webkit-border-horizontal-spacing: 0px; -webkit-border-vertical-spacing: 0px; -webkit-text-decorations-in-effect: none; -webkit-text-size-adjust: auto; -webkit-text-stroke-width: 0px\" class=Apple-style-span><SPAN style=\"LINE-HEIGHT: 18px; FONT-FAMILY: Georgia, Palatino, serif; COLOR: rgb(70,70,70); FONT-SIZE: 15px\" class=Apple-style-span><SPAN style=\"WIDOWS: 2; TEXT-TRANSFORM: none; TEXT-INDENT: 0px; BORDER-COLLAPSE: separate; FONT: 16px 'Times New Roman'; WHITE-SPACE: normal; ORPHANS: 2; LETTER-SPACING: normal; COLOR: rgb(0,0,0); WORD-SPACING: 0px; -webkit-border-horizontal-spacing: 0px; -webkit-border-vertical-spacing: 0px; -webkit-text-decorations-in-effect: none; -webkit-text-size-adjust: auto; -webkit-text-stroke-width: 0px\" class=Apple-style-span><SPAN style=\"LINE-HEIGHT: 18px; FONT-FAMILY: Georgia, Palatino, serif; COLOR: rgb(70,70,70); FONT-SIZE: 15px\" class=Apple-style-span><SPAN style=\"WIDOWS: 2; TEXT-TRANSFORM: none; TEXT-INDENT: 0px; BORDER-COLLAPSE: separate; FONT: 16px 'Times New Roman'; WHITE-SPACE: normal; ORPHANS: 2; LETTER-SPACING: normal; COLOR: rgb(0,0,0); WORD-SPACING: 0px; -webkit-border-horizontal-spacing: 0px; -webkit-border-vertical-spacing: 0px; -webkit-text-decorations-in-effect: none; -webkit-text-size-adjust: auto; -webkit-text-stroke-width: 0px\" class=Apple-style-span><SPAN style=\"LINE-HEIGHT: 18px; FONT-FAMILY: Georgia, Palatino, serif; COLOR: rgb(70,70,70); FONT-SIZE: 15px\" class=Apple-style-span><SPAN style=\"WIDOWS: 2; TEXT-TRANSFORM: none; TEXT-INDENT: 0px; BORDER-COLLAPSE: separate; FONT: 16px 'Times New Roman'; WHITE-SPACE: normal; ORPHANS: 2; LETTER-SPACING: normal; COLOR: rgb(0,0,0); WORD-SPACING: 0px; -webkit-border-horizontal-spacing: 0px; -webkit-border-vertical-spacing: 0px; -webkit-text-decorations-in-effect: none; -webkit-text-size-adjust: auto; -webkit-text-stroke-width: 0px\" class=Apple-style-span><SPAN style=\"LINE-HEIGHT: 18px; FONT-FAMILY: Georgia, Palatino, serif; COLOR: rgb(70,70,70); FONT-SIZE: 15px\" class=Apple-style-span><SPAN style=\"WIDOWS: 2; TEXT-TRANSFORM: none; TEXT-INDENT: 0px; BORDER-COLLAPSE: separate; FONT: 16px 'Times New Roman'; WHITE-SPACE: normal; ORPHANS: 2; LETTER-SPACING: normal; COLOR: rgb(0,0,0); WORD-SPACING: 0px; -webkit-border-horizontal-spacing: 0px; -webkit-border-vertical-spacing: 0px; -webkit-text-decorations-in-effect: none; -webkit-text-size-adjust: auto; -webkit-text-stroke-width: 0px\" class=Apple-style-span><SPAN style=\"LINE-HEIGHT: 18px; FONT-FAMILY: Georgia, Palatino, serif; COLOR: rgb(70,70,70); FONT-SIZE: 15px\" class=Apple-style-span>Sull'incontro<SPAN class=Apple-converted-space>&nbsp;<\/SPAN>non \u00e8 mancata l'ironia del Futurista, il quotidiano online diretto da<B><SPAN class=Apple-converted-space>&nbsp;<\/SPAN>Filippo Rossi<SPAN class=Apple-converted-space>&nbsp;<\/SPAN><\/B>e vicino alle posizioni di Gianfranco Fini: \u00abLontani i tempi dell'ormai famoso patto della crostata: oggi nella residenza di Arcore, pi\u00f9 che un patto stretto con una crostata, vista la consistenza e l'et\u00e0 dei partecipanti, si potrebbe parlare di un patto della prostata\u00bb.<\/SPAN><\/SPAN><\/SPAN><\/SPAN><\/SPAN><\/SPAN><\/SPAN><\/SPAN><\/SPAN><\/SPAN><\/p>\n","protected":false},"excerpt":{"rendered":"<p>Dopo la \u00absberla\u00bb delle amministrative, per dirla alla Roberto Maroni, i big del partito di Silvio Berlusconi e quelli del Carroccio di Umberto Bossi si&#8230;<\/p>\n","protected":false},"author":2,"featured_media":9658,"comment_status":"closed","ping_status":"closed","sticky":false,"template":"","format":"standard","meta":[],"categories":[49],"tags":[],"_links":{"self":[{"href":"https:\/\/www.cronacaonline.it\/index.php\/wp-json\/wp\/v2\/posts\/68170"}],"collection":[{"href":"https:\/\/www.cronacaonline.it\/index.php\/wp-json\/wp\/v2\/posts"}],"about":[{"href":"https:\/\/www.cronacaonline.it\/index.php\/wp-json\/wp\/v2\/types\/post"}],"author":[{"embeddable":true,"href":"https:\/\/www.cronacaonline.it\/index.php\/wp-json\/wp\/v2\/users\/2"}],"replies":[{"embeddable":true,"href":"https:\/\/www.cronacaonline.it\/index.php\/wp-json\/wp\/v2\/comments?post=68170"}],"version-history":[{"count":0,"href":"https:\/\/www.cronacaonline.it\/index.php\/wp-json\/wp\/v2\/posts\/68170\/revisions"}],"wp:featuredmedia":[{"embeddable":true,"href":"https:\/\/www.cronacaonline.it\/index.php\/wp-json\/"}],"wp:attachment":[{"href":"https:\/\/www.cronacaonline.it\/index.php\/wp-json\/wp\/v2\/media?parent=68170"}],"wp:term":[{"taxonomy":"category","embeddable":true,"href":"https:\/\/www.cronacaonline.it\/index.php\/wp-json\/wp\/v2\/categories?post=68170"},{"taxonomy":"post_tag","embeddable":true,"href":"https:\/\/www.cronacaonline.it\/index.php\/wp-json\/wp\/v2\/tags?post=68170"}],"curies":[{"name":"wp","href":"https:\/\/api.w.org\/{rel}","templated":true}]}}