{"id":68143,"date":"2011-06-28T00:00:00","date_gmt":"2011-06-27T22:00:00","guid":{"rendered":"http:\/\/www.cronacaonline.it\/public\/content\/index.php\/2011\/06\/28\/lasl-presenta-il-bilancio-e-gli-obiettivi-a-medio-lungo-termine\/"},"modified":"2011-06-28T00:00:00","modified_gmt":"2011-06-27T22:00:00","slug":"lasl-presenta-il-bilancio-e-gli-obiettivi-a-medio-lungo-termine","status":"publish","type":"post","link":"https:\/\/www.cronacaonline.it\/index.php\/2011\/06\/28\/lasl-presenta-il-bilancio-e-gli-obiettivi-a-medio-lungo-termine\/","title":{"rendered":"L\u2019Asl presenta il bilancio e gli obiettivi a medio lungo termine"},"content":{"rendered":"<p><SPAN style=\"LINE-HEIGHT: 115%; FONT-FAMILY: 'Verdana', 'sans-serif'; mso-bidi-font-family: Arial; mso-bidi-font-size: 10.0pt\">Ridurre la spesa farmaceutica per riportarla dal 18,5 per cento almeno al tetto del 13 per cento previsto dal Patto di buon governo. E ancora, apertura dell'ala sud entro ottobre, accelerazione della ristrutturazione delle sale operatorie del Santissima Annunziata di Sassari, quindi potenziamento della Radiologia dell'ospedale di viale Italia, con macchine moderne, con una Rmn da 1,5 tesla e una Tac da 128 strati. <\/SPAN><\/p>\n<p><SPAN style=\"LINE-HEIGHT: 115%; FONT-FAMILY: 'Verdana', 'sans-serif'; mso-bidi-font-family: Arial; mso-bidi-font-size: 10.0pt\">C'\u00e8 ancora un obiettivo caro al direttore generale che si trasforma in una meta gi\u00e0 raggiunta, l'apertura venerd\u00ec ad Alghero della Ginecologia a quasi un anno dalla sua chiusura. <\/SPAN><\/p>\n<p><SPAN style=\"LINE-HEIGHT: 115%; FONT-FAMILY: 'Verdana', 'sans-serif'; mso-bidi-font-family: Arial; mso-bidi-font-size: 10.0pt\">&nbsp;<\/SPAN><\/p>\n<p><SPAN style=\"LINE-HEIGHT: 115%; FONT-FAMILY: 'Verdana', 'sans-serif'; mso-bidi-font-family: Arial; mso-bidi-font-size: 10.0pt\">Il direttore generale dell'Asl di Sassari Marcello Giannico elenca i suoi obiettivi a medio termine durante la Conferenza provinciale dei Servizi sanitari e sociosanitari, convocata oggi dalla Provincia di Sassari nella sala Angioy del palazzo di piazza d'Italia.<\/SPAN><\/p>\n<p><SPAN style=\"LINE-HEIGHT: 115%; FONT-FAMILY: 'Verdana', 'sans-serif'; mso-bidi-font-family: Arial; mso-bidi-font-size: 10.0pt\">Una riunione formale quella di oggi che, per\u00f2, dovr\u00e0 essere aggiornata a una ulteriore seduta, quando cio\u00e8 arriver\u00e0 la relazione del Collegio dei revisori dei conti sul bilancio Asl che il direttore ha illustrato in maniera dettagliata.<\/SPAN><\/p>\n<p><SPAN style=\"LINE-HEIGHT: 115%; FONT-FAMILY: 'Verdana', 'sans-serif'; mso-bidi-font-family: Arial; mso-bidi-font-size: 10.0pt\">Un raffronto con gli anni precedenti, dal 2008 al 2010, che ha mostrato una notevole differenza sulle perdite di bilancio, passate da -23milioni di euro nel 2008 e 2009 a -800mila euro del 2010. Una situazione dovuta al riconoscimento da parte della Regione di una quota aggiuntiva di circa 24 milioni di euro dovuta a una rimodulazione del fondo sanitario regionale per il 2010.<\/SPAN><\/p>\n<p><SPAN style=\"LINE-HEIGHT: 115%; FONT-FAMILY: 'Verdana', 'sans-serif'; mso-bidi-font-family: Arial; mso-bidi-font-size: 10.0pt\">Il direttore generale quindi ha indicato alcune scelte della Asl che consentiranno all'Azienda di reperire fondi. Una mano adesso potr\u00e0 darla la ricognizione effettuata sul patrimonio immobiliare, in particolare su quello che la Asl ha deciso di mettere in vendita, tra questi una casa a Roma del valore di 1milione di euro. Il patrimonio dovr\u00e0 passare da indisponibile a disponibile quindi i lotti di terreno e gli edifici potranno essere messi all'asta.<\/SPAN><\/p>\n<p><SPAN style=\"LINE-HEIGHT: 115%; FONT-FAMILY: 'Verdana', 'sans-serif'; mso-bidi-font-family: Arial; mso-bidi-font-size: 10.0pt\">Per l'ospedale di Alghero il direttore generale, oltre alla riapertura della Ginecologia, ha parlato dell'accelerazione per la realizzazione dell'Unit\u00e0 di terapia intensiva coronarica.<\/SPAN><\/p>\n<p><SPAN style=\"LINE-HEIGHT: 115%; FONT-FAMILY: 'Verdana', 'sans-serif'; mso-bidi-font-family: Arial; mso-bidi-font-size: 10.0pt\">Il manager si \u00e8 quindi soffermato sulla Radiologia di Ozieri che sar\u00e0 aperta a settembre e sul poliambulatorio di Bono che potr\u00e0 disporre di nuove apparecchiature.<\/SPAN><\/p>\n<p><SPAN style=\"LINE-HEIGHT: 115%; FONT-FAMILY: 'Verdana', 'sans-serif'; mso-bidi-font-family: Arial; mso-bidi-font-size: 10.0pt\">\u00abTra gli obiettivi che ci ha dato la Regione \u2013 ha affermato Marcello Giannico \u2013 dovremo anche occuparci della riduzione del tasso di ospedalizzazione, dell'incremento dell'assistenza domiciliare degli anziani<\/SPAN><SPAN style=\"LINE-HEIGHT: 115%; FONT-FAMILY: 'Verdana', 'sans-serif'; mso-bidi-font-size: 10.0pt\"> <\/SPAN><SPAN style=\"LINE-HEIGHT: 115%; FONT-FAMILY: 'Verdana', 'sans-serif'; mso-bidi-font-family: Arial; mso-bidi-font-size: 10.0pt\">non autosufficienti, evitare i doppioni delle strutture complesse, riduzione dei posti letto l\u00ec dove c'\u00e8 un basso tasso d'occupazione. Le risorse che risparmieremo \u2013 ha<SPAN style=\"mso-spacerun: yes\">&nbsp; <\/SPAN>garantito il manager \u2013 saranno riutilizzate per le attivit\u00e0 interne all'ospedale. A queste aggiungeremo formule gestionali e innovative per la degenza multidisciplinare, come il week hospital in alcuni reparti con apertura dal luned\u00ec al venerd\u00ec e il day service\u00bb.<\/SPAN><\/p>\n<p><SPAN style=\"LINE-HEIGHT: 115%; FONT-FAMILY: 'Verdana', 'sans-serif'; mso-bidi-font-family: Arial; mso-bidi-font-size: 10.0pt\">E ancora riduzione delle liste d'attesa, per le quali la Regione ha messo a disposizione 21milioni di euro. Entro settembre poi almeno il 90-95 per cento delle strutture ospedaliere avranno un primario, \u00abquesto ci permetter\u00e0 di avere interlocutori certi con i quali programmare e avviare le attivit\u00e0\u00bb, ha concluso Marcello Giannico. Red<\/SPAN><\/p>\n","protected":false},"excerpt":{"rendered":"<p>Ridurre la spesa farmaceutica per riportarla dal 18,5 per cento almeno al tetto del 13 per cento previsto dal Patto di buon governo. E ancora,&#8230;<\/p>\n","protected":false},"author":2,"featured_media":0,"comment_status":"closed","ping_status":"closed","sticky":false,"template":"","format":"standard","meta":[],"categories":[49],"tags":[],"_links":{"self":[{"href":"https:\/\/www.cronacaonline.it\/index.php\/wp-json\/wp\/v2\/posts\/68143"}],"collection":[{"href":"https:\/\/www.cronacaonline.it\/index.php\/wp-json\/wp\/v2\/posts"}],"about":[{"href":"https:\/\/www.cronacaonline.it\/index.php\/wp-json\/wp\/v2\/types\/post"}],"author":[{"embeddable":true,"href":"https:\/\/www.cronacaonline.it\/index.php\/wp-json\/wp\/v2\/users\/2"}],"replies":[{"embeddable":true,"href":"https:\/\/www.cronacaonline.it\/index.php\/wp-json\/wp\/v2\/comments?post=68143"}],"version-history":[{"count":0,"href":"https:\/\/www.cronacaonline.it\/index.php\/wp-json\/wp\/v2\/posts\/68143\/revisions"}],"wp:attachment":[{"href":"https:\/\/www.cronacaonline.it\/index.php\/wp-json\/wp\/v2\/media?parent=68143"}],"wp:term":[{"taxonomy":"category","embeddable":true,"href":"https:\/\/www.cronacaonline.it\/index.php\/wp-json\/wp\/v2\/categories?post=68143"},{"taxonomy":"post_tag","embeddable":true,"href":"https:\/\/www.cronacaonline.it\/index.php\/wp-json\/wp\/v2\/tags?post=68143"}],"curies":[{"name":"wp","href":"https:\/\/api.w.org\/{rel}","templated":true}]}}