{"id":68134,"date":"2011-06-29T00:00:00","date_gmt":"2011-06-28T22:00:00","guid":{"rendered":"http:\/\/www.cronacaonline.it\/public\/content\/index.php\/2011\/06\/29\/sanita-assessore-liori-conferma-contrarieta-ticket\/"},"modified":"2011-06-29T00:00:00","modified_gmt":"2011-06-28T22:00:00","slug":"sanita-assessore-liori-conferma-contrarieta-ticket","status":"publish","type":"post","link":"https:\/\/www.cronacaonline.it\/index.php\/2011\/06\/29\/sanita-assessore-liori-conferma-contrarieta-ticket\/","title":{"rendered":"Sanit\u00e0: Assessore Liori conferma contrariet\u00e0 ticket"},"content":{"rendered":"<p><SPAN style=\"LINE-HEIGHT: 115%; FONT-FAMILY: 'Verdana', 'sans-serif'; FONT-SIZE: 12pt; mso-fareast-font-family: 'Times New Roman'; mso-bidi-font-family: Arial; mso-fareast-language: IT\">\u201cNon ho alcuna informazione precisa sulle intenzioni del Governo in merito ai ticket, voglio per\u00f2 ricordare che quando sono stato nominato Assessore regionale, data la pesante situazione deficitaria dei conti della sanit\u00e0, si prospett\u00f2 l'ipotesi di imporre nuove tasse ed il ritorno al ticket sanitario. Mi sono battuto strenuamente con il Ministro Fazio per ottenere fiducia nell\u2019azione della Giunta, riuscendo ad evitare il commissariamento della Regione e le conseguenti tassazioni ulteriori per i cittadini sardi. Perci\u00f2, confermo la mia contrariet\u00e0 al ticket, perch\u00e9, nonostante abbia un indiscutibile effetto dissuasivo sulle prescrizioni inappropriate, si tratta di una misura antipopolare e socialmente ingiusta, che andrebbe a colpire sopratutto la fasce pi\u00f9 deboli della societ\u00e0 sarda\u201d.<\/SPAN><SPAN style=\"LINE-HEIGHT: 115%; FONT-FAMILY: 'Verdana', 'sans-serif'; FONT-SIZE: 12pt; mso-fareast-font-family: 'Times New Roman'; mso-bidi-font-family: 'Times New Roman'; mso-fareast-language: IT\"><\/SPAN><\/p>\n<p><SPAN style=\"LINE-HEIGHT: 115%; FONT-FAMILY: 'Verdana', 'sans-serif'; FONT-SIZE: 12pt; mso-fareast-font-family: 'Times New Roman'; mso-bidi-font-family: Arial; mso-fareast-language: IT\">E' il commento dell'assessore regionale della Sanit\u00e0, Antonello Liori, alle notizie riguardanti la possibile decisione del Governo nazionale di reintrodurre i ticket sanitari.<\/SPAN><SPAN style=\"LINE-HEIGHT: 115%; FONT-FAMILY: 'Verdana', 'sans-serif'; FONT-SIZE: 12pt; mso-fareast-font-family: 'Times New Roman'; mso-bidi-font-family: 'Times New Roman'; mso-fareast-language: IT\"><\/SPAN><\/p>\n","protected":false},"excerpt":{"rendered":"<p>\u201cNon ho alcuna informazione precisa sulle intenzioni del Governo in merito ai ticket, voglio per\u00f2 ricordare che quando sono stato nominato Assessore regionale, data la&#8230;<\/p>\n","protected":false},"author":2,"featured_media":0,"comment_status":"closed","ping_status":"closed","sticky":false,"template":"","format":"standard","meta":[],"categories":[49],"tags":[],"_links":{"self":[{"href":"https:\/\/www.cronacaonline.it\/index.php\/wp-json\/wp\/v2\/posts\/68134"}],"collection":[{"href":"https:\/\/www.cronacaonline.it\/index.php\/wp-json\/wp\/v2\/posts"}],"about":[{"href":"https:\/\/www.cronacaonline.it\/index.php\/wp-json\/wp\/v2\/types\/post"}],"author":[{"embeddable":true,"href":"https:\/\/www.cronacaonline.it\/index.php\/wp-json\/wp\/v2\/users\/2"}],"replies":[{"embeddable":true,"href":"https:\/\/www.cronacaonline.it\/index.php\/wp-json\/wp\/v2\/comments?post=68134"}],"version-history":[{"count":0,"href":"https:\/\/www.cronacaonline.it\/index.php\/wp-json\/wp\/v2\/posts\/68134\/revisions"}],"wp:attachment":[{"href":"https:\/\/www.cronacaonline.it\/index.php\/wp-json\/wp\/v2\/media?parent=68134"}],"wp:term":[{"taxonomy":"category","embeddable":true,"href":"https:\/\/www.cronacaonline.it\/index.php\/wp-json\/wp\/v2\/categories?post=68134"},{"taxonomy":"post_tag","embeddable":true,"href":"https:\/\/www.cronacaonline.it\/index.php\/wp-json\/wp\/v2\/tags?post=68134"}],"curies":[{"name":"wp","href":"https:\/\/api.w.org\/{rel}","templated":true}]}}