{"id":68037,"date":"2011-05-24T00:00:00","date_gmt":"2011-05-23T22:00:00","guid":{"rendered":"http:\/\/www.cronacaonline.it\/public\/content\/index.php\/2011\/05\/24\/rinnovato-protocollo-dintesa-tra-carabinieri-e-suore-della-congregazione-delle-figlie-della-carita-di-san-vincenzo-de-paoli\/"},"modified":"2011-05-24T00:00:00","modified_gmt":"2011-05-23T22:00:00","slug":"rinnovato-protocollo-dintesa-tra-carabinieri-e-suore-della-congregazione-delle-figlie-della-carita-di-san-vincenzo-de-paoli","status":"publish","type":"post","link":"https:\/\/www.cronacaonline.it\/index.php\/2011\/05\/24\/rinnovato-protocollo-dintesa-tra-carabinieri-e-suore-della-congregazione-delle-figlie-della-carita-di-san-vincenzo-de-paoli\/","title":{"rendered":"Rinnovato protocollo d\u2019intesa tra Carabinieri e Suore della Congregazione delle Figlie della Carit\u00e0 di San Vincenzo d\u00e8 Paoli"},"content":{"rendered":"<p><SPAN style=\"FONT-FAMILY: 'Verdana', 'sans-serif'\">Questa mattina presso il Comando Legione Carabinieri Sardegna, Suor Ignazia Mercede Miscali, Responsabile della Congregazione delle Figlie della Carit\u00e0 di San Vincenzo d\u00e8 Paoli, ed il Comandante della Legione, Generale di Brigata Luigi Robusto, dopo due anni di proficua collaborazione, hanno rinnovato il protocollo d\u2019intesa tra Carabinieri e Suore della suddetta congregazione, in materia di assistenza e soccorso delle vittime dei reati di riduzione in schiavit\u00f9, tratta e commercio di schiavi, extracomunitari o europei, ovvero di persone nei confronti delle quali sussistano concreti pericoli derivanti dalla volont\u00e0 di sottrarsi alle condizioni di sfruttamento.<\/SPAN><\/p>\n<p><SPAN style=\"FONT-FAMILY: 'Verdana', 'sans-serif'\">Il Comando Legione ha provveduto a diramare il testo del protocollo a tutti i presidi<\/SPAN><\/p>\n<p><SPAN style=\"FONT-FAMILY: 'Verdana', 'sans-serif'\">dipendenti (l\u2019Arma opera con 277 Stazioni in Sardegna), per dare continuit\u00e0 e migliorare ulteriormente i rapporti di collaborazione, fornendo cos\u00ec un servizio pi\u00f9 efficace nel delicato settore.<\/SPAN><\/p>\n<p><SPAN style=\"FONT-FAMILY: 'Verdana', 'sans-serif'\">L\u2019iniziativa, peraltro, integra la collaborazione che i Carabinieri delle Stazioni sviluppano ogni giorno anche con i Parroci, per dare ai cittadini tutti - italiani e stranieri - la necessaria assistenza a fronte di qualsiasi emergenza e\/o esigenza.<\/SPAN><\/p>\n<p><SPAN style=\"FONT-FAMILY: 'Verdana', 'sans-serif'\">Suor Ignazia Mercede Miscali nel cordiale incontro avuto con il Generale Robusto ha espresso piena soddisfazione per il concreto lavoro svolto dai Carabinieri nella regione, con un continuo sostegno fornito alla Congregazione delle Figlie della Carit\u00e0. Red-com<\/SPAN><\/p>\n","protected":false},"excerpt":{"rendered":"<p>Questa mattina presso il Comando Legione Carabinieri Sardegna, Suor Ignazia Mercede Miscali, Responsabile della Congregazione delle Figlie della Carit\u00e0 di San Vincenzo d\u00e8 Paoli, ed&#8230;<\/p>\n","protected":false},"author":2,"featured_media":0,"comment_status":"closed","ping_status":"closed","sticky":false,"template":"","format":"standard","meta":[],"categories":[49],"tags":[],"_links":{"self":[{"href":"https:\/\/www.cronacaonline.it\/index.php\/wp-json\/wp\/v2\/posts\/68037"}],"collection":[{"href":"https:\/\/www.cronacaonline.it\/index.php\/wp-json\/wp\/v2\/posts"}],"about":[{"href":"https:\/\/www.cronacaonline.it\/index.php\/wp-json\/wp\/v2\/types\/post"}],"author":[{"embeddable":true,"href":"https:\/\/www.cronacaonline.it\/index.php\/wp-json\/wp\/v2\/users\/2"}],"replies":[{"embeddable":true,"href":"https:\/\/www.cronacaonline.it\/index.php\/wp-json\/wp\/v2\/comments?post=68037"}],"version-history":[{"count":0,"href":"https:\/\/www.cronacaonline.it\/index.php\/wp-json\/wp\/v2\/posts\/68037\/revisions"}],"wp:attachment":[{"href":"https:\/\/www.cronacaonline.it\/index.php\/wp-json\/wp\/v2\/media?parent=68037"}],"wp:term":[{"taxonomy":"category","embeddable":true,"href":"https:\/\/www.cronacaonline.it\/index.php\/wp-json\/wp\/v2\/categories?post=68037"},{"taxonomy":"post_tag","embeddable":true,"href":"https:\/\/www.cronacaonline.it\/index.php\/wp-json\/wp\/v2\/tags?post=68037"}],"curies":[{"name":"wp","href":"https:\/\/api.w.org\/{rel}","templated":true}]}}