{"id":67957,"date":"2011-05-07T00:00:00","date_gmt":"2011-05-06T22:00:00","guid":{"rendered":"http:\/\/www.cronacaonline.it\/public\/content\/index.php\/2011\/05\/07\/gasparri-valuteranno-presidenti-delle-camere-e-premier\/"},"modified":"2011-05-07T00:00:00","modified_gmt":"2011-05-06T22:00:00","slug":"gasparri-valuteranno-presidenti-delle-camere-e-premier","status":"publish","type":"post","link":"https:\/\/www.cronacaonline.it\/index.php\/2011\/05\/07\/gasparri-valuteranno-presidenti-delle-camere-e-premier\/","title":{"rendered":"Gasparri: &#8220;Valuteranno presidenti delle Camere e premier&#8221;"},"content":{"rendered":"<p>Il presidente della Repubblica Giorgio Napolitano rinvia la questione della nuova composizione della maggioranza \"alla valutazione dei presidenti delle Camere e del presidente del Consiglio. E i destinatari valuteranno\". <\/p>\n<p>Lo afferma al Corriere della Sera il capogruppo Pdl al Senato Maurizio Gasparri che si dice sorpreso dalla nota del Quirinale. \"Non avevo sentore di un atto di questo tipo - afferma -. Ho avuto da poco un colloquio di grande franchezza e serenit\u00e0 col capo dello Stato\".<\/p>\n<p>Per Gasparri, comunque, l'atto di Napolitano&nbsp;\u00e8 motivato \"dall'esigenza di chiarezza politica, non certo di un voto di fiducia\". Sull'iniziativa di firmare un comunicato dei gruppi parlamentari berlusconiani, Gasparri spiega che non&nbsp;\u00e8 stata concordata con il premier. \"Dopo esserci consultati io, Cicchitto, Quagliariello e Corsaro - afferma -, per dovere di correttezza abbiamo informato Gianni Letta perch\u00e9 il comunicato coinvolgeva anche il governo\". Su che cosa accadr\u00e0 adesso, l'esponente del Pdl osserva: \"Non mi pare che la riflessione del capo dello Stato possa avere delle conseguenza operative\".<\/p>\n<p>\"Mi sembra un gesto di trasparenza politica che restituisce al Parlamento la sua dignit\u00e0 e centralit\u00e0:&nbsp;\u00e8 necessario permettere alle Camere di conoscere la conformazione politica della nuova maggioranza perch\u00e9 Montecitorio e Palazzo Madama non sono il luogo della compravendita\".<\/p>\n<p>E' quanto afferma al Messaggero il capogruppo del Pd al Senato, Anna Finocchiaro, esprimendo apprezzamento per la nota del Quirinale. Sull'appello rivolto da Napolitano alla sinistra affinch\u00e8 sia credibile, Finocchiaro commenta: \"Un richiamo ovvio, sacrosanto. Lo sforzo che stiamo facendo come Pd&nbsp;\u00e8 proprio quello di costruire un'alternativa credibile, sui programmi, sui contenuti, non sugli slogan\".<\/p>\n<p>Finocchiaro annuncia inoltre che il Pd \"\u00e8 pronto alle barricate\" sul processo breve e afferma che sulla giustizia&nbsp;\u00e8 il Pdl a non volere \"alcun dialogo\". Infine, sulla proposta del leader dell'Udc Pierferdinando Casini di rompere con l'Idv e pensare a nuovi scenari afferma: \"Apprezzo sempre le aperture politiche\".<\/p>\n","protected":false},"excerpt":{"rendered":"<p>Il presidente della Repubblica Giorgio Napolitano rinvia la questione della nuova composizione della maggioranza &#8220;alla valutazione dei presidenti delle Camere e del presidente del Consiglio.&#8230;<\/p>\n","protected":false},"author":2,"featured_media":0,"comment_status":"closed","ping_status":"closed","sticky":false,"template":"","format":"standard","meta":[],"categories":[49],"tags":[],"_links":{"self":[{"href":"https:\/\/www.cronacaonline.it\/index.php\/wp-json\/wp\/v2\/posts\/67957"}],"collection":[{"href":"https:\/\/www.cronacaonline.it\/index.php\/wp-json\/wp\/v2\/posts"}],"about":[{"href":"https:\/\/www.cronacaonline.it\/index.php\/wp-json\/wp\/v2\/types\/post"}],"author":[{"embeddable":true,"href":"https:\/\/www.cronacaonline.it\/index.php\/wp-json\/wp\/v2\/users\/2"}],"replies":[{"embeddable":true,"href":"https:\/\/www.cronacaonline.it\/index.php\/wp-json\/wp\/v2\/comments?post=67957"}],"version-history":[{"count":0,"href":"https:\/\/www.cronacaonline.it\/index.php\/wp-json\/wp\/v2\/posts\/67957\/revisions"}],"wp:attachment":[{"href":"https:\/\/www.cronacaonline.it\/index.php\/wp-json\/wp\/v2\/media?parent=67957"}],"wp:term":[{"taxonomy":"category","embeddable":true,"href":"https:\/\/www.cronacaonline.it\/index.php\/wp-json\/wp\/v2\/categories?post=67957"},{"taxonomy":"post_tag","embeddable":true,"href":"https:\/\/www.cronacaonline.it\/index.php\/wp-json\/wp\/v2\/tags?post=67957"}],"curies":[{"name":"wp","href":"https:\/\/api.w.org\/{rel}","templated":true}]}}