{"id":67952,"date":"2011-05-06T00:00:00","date_gmt":"2011-05-05T22:00:00","guid":{"rendered":"http:\/\/www.cronacaonline.it\/public\/content\/index.php\/2011\/05\/06\/il-ministro-mago-frattini-profetizza-che-la-guerra-in-libia-finisca-in-un-mese\/"},"modified":"2011-05-06T00:00:00","modified_gmt":"2011-05-05T22:00:00","slug":"il-ministro-mago-frattini-profetizza-che-la-guerra-in-libia-finisca-in-un-mese","status":"publish","type":"post","link":"https:\/\/www.cronacaonline.it\/index.php\/2011\/05\/06\/il-ministro-mago-frattini-profetizza-che-la-guerra-in-libia-finisca-in-un-mese\/","title":{"rendered":"Il ministro-mago Frattini profetizza che la guerra in Libia finisca in un mese"},"content":{"rendered":"<p><SPAN style=\"WIDOWS: 2; TEXT-TRANSFORM: none; TEXT-INDENT: 0px; BORDER-COLLAPSE: separate; FONT: 10px 'Times New Roman'; WHITE-SPACE: normal; ORPHANS: 2; LETTER-SPACING: normal; COLOR: rgb(0,0,0); WORD-SPACING: 0px; -webkit-border-horizontal-spacing: 0px; -webkit-border-vertical-spacing: 0px; -webkit-text-decorations-in-effect: none; -webkit-text-size-adjust: auto; -webkit-text-stroke-width: 0px\" class=Apple-style-span><SPAN style=\"TEXT-ALIGN: justify; LINE-HEIGHT: 20px; FONT-FAMILY: Arial, Helvetica, sans-serif; FONT-SIZE: 13px\" class=Apple-style-span>Erano note le cortosioni del ministro degli esteri ma che arrivassero anche a rasentare la magia nessuno ci avrebbe creduto. Infatti, uno dei tanti dipendenti diretti del premier, filo condotto perennemente,&nbsp;Franco Frattini ha oggi azzardato oggi (e non ieri per paura di essere smentito da qualche nota ufficiale della Clinton), che&nbsp;Gheddafi sar\u00e0 neutralizzato tra circa un mese e i nostri aerei rimarranno a terra. Con questo giocchetto elettorale, l'ineffabile e certamente&nbsp;sempre opinabile ministro, ha tranquillizzato l'irascibile Lega che&nbsp;e con questo atifizio&nbsp;prospicente le elezioni, vuole sedare gli animi accesi della sua base che in molti casi chiedono ormai in modo plateale e aperto, di staccare la spina e&nbsp;far finire l'accanimento terapeutica-giudiziario al monarco di Arcore. Quindi, dopo la barzelletta del piano di rinascita, che non&nbsp;mai vedr\u00e0 la luce e sicuramente sar\u00e0 dimenticato subito dopo la tornata elettorale e referendaria, \u00e8 arrivato oggi questa nuova magia di&nbsp;Frattini.<\/SPAN><\/SPAN><\/p>\n<p><SPAN style=\"WIDOWS: 2; TEXT-TRANSFORM: none; TEXT-INDENT: 0px; BORDER-COLLAPSE: separate; FONT: 10px 'Times New Roman'; WHITE-SPACE: normal; ORPHANS: 2; LETTER-SPACING: normal; COLOR: rgb(0,0,0); WORD-SPACING: 0px; -webkit-border-horizontal-spacing: 0px; -webkit-border-vertical-spacing: 0px; -webkit-text-decorations-in-effect: none; -webkit-text-size-adjust: auto; -webkit-text-stroke-width: 0px\" class=Apple-style-span><SPAN style=\"TEXT-ALIGN: justify; LINE-HEIGHT: 20px; FONT-FAMILY: Arial, Helvetica, sans-serif; FONT-SIZE: 13px\" class=Apple-style-span>Questa mattina, infatti,&nbsp;il&nbsp;responsabile della Farnesina, a margine delle Giornate di studio del pe a Palermo, ha sottolineato che il tema non&nbsp;\u00e8 la data della fine della missione italiana in Libia, ma&nbsp;\u00e8 \"come lavorare perch\u00e9 cessino le operazioni di protezione il pi\u00f9 presto possibile\".<\/SPAN><\/SPAN><\/p>\n<p><SPAN style=\"WIDOWS: 2; TEXT-TRANSFORM: none; TEXT-INDENT: 0px; BORDER-COLLAPSE: separate; FONT: 10px 'Times New Roman'; WHITE-SPACE: normal; ORPHANS: 2; LETTER-SPACING: normal; COLOR: rgb(0,0,0); WORD-SPACING: 0px; -webkit-border-horizontal-spacing: 0px; -webkit-border-vertical-spacing: 0px; -webkit-text-decorations-in-effect: none; -webkit-text-size-adjust: auto; -webkit-text-stroke-width: 0px\" class=Apple-style-span><SPAN style=\"TEXT-ALIGN: justify; LINE-HEIGHT: 20px; FONT-FAMILY: Arial, Helvetica, sans-serif; FONT-SIZE: 13px\" class=Apple-style-span>\"Vi sono ipotesi ottimistiche di pochi giorni\", ha osservato, e \"ipotesi pi\u00f9 realistiche di qualche settimana, tre-quattro, certamente intensificare la pressione&nbsp;\u00e8 necessario per poter far partire l'iniziativa politica. Questo e' l'esito della riunione di ieri (del Gruppo di contatto, ndr) che e' stata molto importante\"<\/SPAN><\/SPAN><\/p>\n<p><SPAN style=\"WIDOWS: 2; TEXT-TRANSFORM: none; TEXT-INDENT: 0px; BORDER-COLLAPSE: separate; FONT: 10px 'Times New Roman'; WHITE-SPACE: normal; ORPHANS: 2; LETTER-SPACING: normal; COLOR: rgb(0,0,0); WORD-SPACING: 0px; -webkit-border-horizontal-spacing: 0px; -webkit-border-vertical-spacing: 0px; -webkit-text-decorations-in-effect: none; -webkit-text-size-adjust: auto; -webkit-text-stroke-width: 0px\" class=Apple-style-span><SPAN style=\"TEXT-ALIGN: justify; LINE-HEIGHT: 20px; FONT-FAMILY: Arial, Helvetica, sans-serif; FONT-SIZE: 13px\" class=Apple-style-span><\/SPAN><\/SPAN>&nbsp;<\/p>\n","protected":false},"excerpt":{"rendered":"<p>Erano note le cortosioni del ministro degli esteri ma che arrivassero anche a rasentare la magia nessuno ci avrebbe creduto. Infatti, uno dei tanti dipendenti&#8230;<\/p>\n","protected":false},"author":2,"featured_media":0,"comment_status":"closed","ping_status":"closed","sticky":false,"template":"","format":"standard","meta":[],"categories":[49],"tags":[],"_links":{"self":[{"href":"https:\/\/www.cronacaonline.it\/index.php\/wp-json\/wp\/v2\/posts\/67952"}],"collection":[{"href":"https:\/\/www.cronacaonline.it\/index.php\/wp-json\/wp\/v2\/posts"}],"about":[{"href":"https:\/\/www.cronacaonline.it\/index.php\/wp-json\/wp\/v2\/types\/post"}],"author":[{"embeddable":true,"href":"https:\/\/www.cronacaonline.it\/index.php\/wp-json\/wp\/v2\/users\/2"}],"replies":[{"embeddable":true,"href":"https:\/\/www.cronacaonline.it\/index.php\/wp-json\/wp\/v2\/comments?post=67952"}],"version-history":[{"count":0,"href":"https:\/\/www.cronacaonline.it\/index.php\/wp-json\/wp\/v2\/posts\/67952\/revisions"}],"wp:attachment":[{"href":"https:\/\/www.cronacaonline.it\/index.php\/wp-json\/wp\/v2\/media?parent=67952"}],"wp:term":[{"taxonomy":"category","embeddable":true,"href":"https:\/\/www.cronacaonline.it\/index.php\/wp-json\/wp\/v2\/categories?post=67952"},{"taxonomy":"post_tag","embeddable":true,"href":"https:\/\/www.cronacaonline.it\/index.php\/wp-json\/wp\/v2\/tags?post=67952"}],"curies":[{"name":"wp","href":"https:\/\/api.w.org\/{rel}","templated":true}]}}