{"id":67950,"date":"2011-05-05T00:00:00","date_gmt":"2011-05-04T22:00:00","guid":{"rendered":"http:\/\/www.cronacaonline.it\/public\/content\/index.php\/2011\/05\/05\/disoccupato-in-manette-per-furto-e-danneggiamento\/"},"modified":"2011-05-05T00:00:00","modified_gmt":"2011-05-04T22:00:00","slug":"disoccupato-in-manette-per-furto-e-danneggiamento","status":"publish","type":"post","link":"https:\/\/www.cronacaonline.it\/index.php\/2011\/05\/05\/disoccupato-in-manette-per-furto-e-danneggiamento\/","title":{"rendered":"Disoccupato in manette per furto e danneggiamento."},"content":{"rendered":"<p>Ieri pomeriggio, a Cagliari, i Carabinieri dell'Aliquota Radiomobile della Compagnia di Cagliari hanno arrestato Alberto Mellino, di 38 anni, originario di Sulmona (AQ), ma residente a Quartu Sant'Elena (Ca), per furto e danneggiamento.<\/p>\n<p>Il disoccupato infatti alle 7.30, assieme a due complici che non sono stati ancora identificati, dopo aver infranto la vetrina del negozio \"Hong Kong\", in via San Benedetto, ha rubato diversa merce. Bloccato poco dopo, i militari hanno inoltre scoperto che l'uomo era stato sottoposto a divieto di ritorno nel Comune di Cagliari per tre anni, provvedimento emesso dal Questore il 25 maggio dello scorso anno.<\/p>\n<p>Finito in manette e trattenuto presso le camere di sicurezza della stazione di Cagliari-Villanova, questa mattina, comparso davanti all'A.G. per il rito direttissimo, dopo la convalida dell'arresto, \u00e8 stato condannato a quattro mesi e 400 euro di multa. Beneficiando per\u00f2 della sospensione condizionale della pena, gli \u00e8 stato imposto l'obbligo di dimora nel Comune di residenza e la prescrizione di non assentarsi dal domicilio tra le 22.00 e le 6.00.<\/p>\n","protected":false},"excerpt":{"rendered":"<p>Ieri pomeriggio, a Cagliari, i Carabinieri dell&#8217;Aliquota Radiomobile della Compagnia di Cagliari hanno arrestato Alberto Mellino, di 38 anni, originario di Sulmona (AQ), ma residente&#8230;<\/p>\n","protected":false},"author":2,"featured_media":0,"comment_status":"closed","ping_status":"closed","sticky":false,"template":"","format":"standard","meta":[],"categories":[49],"tags":[],"_links":{"self":[{"href":"https:\/\/www.cronacaonline.it\/index.php\/wp-json\/wp\/v2\/posts\/67950"}],"collection":[{"href":"https:\/\/www.cronacaonline.it\/index.php\/wp-json\/wp\/v2\/posts"}],"about":[{"href":"https:\/\/www.cronacaonline.it\/index.php\/wp-json\/wp\/v2\/types\/post"}],"author":[{"embeddable":true,"href":"https:\/\/www.cronacaonline.it\/index.php\/wp-json\/wp\/v2\/users\/2"}],"replies":[{"embeddable":true,"href":"https:\/\/www.cronacaonline.it\/index.php\/wp-json\/wp\/v2\/comments?post=67950"}],"version-history":[{"count":0,"href":"https:\/\/www.cronacaonline.it\/index.php\/wp-json\/wp\/v2\/posts\/67950\/revisions"}],"wp:attachment":[{"href":"https:\/\/www.cronacaonline.it\/index.php\/wp-json\/wp\/v2\/media?parent=67950"}],"wp:term":[{"taxonomy":"category","embeddable":true,"href":"https:\/\/www.cronacaonline.it\/index.php\/wp-json\/wp\/v2\/categories?post=67950"},{"taxonomy":"post_tag","embeddable":true,"href":"https:\/\/www.cronacaonline.it\/index.php\/wp-json\/wp\/v2\/tags?post=67950"}],"curies":[{"name":"wp","href":"https:\/\/api.w.org\/{rel}","templated":true}]}}