{"id":67935,"date":"2011-05-23T00:00:00","date_gmt":"2011-05-22T22:00:00","guid":{"rendered":"http:\/\/www.cronacaonline.it\/public\/content\/index.php\/2011\/05\/23\/confartigianato-chiede-riduzione-delle-tariffe-anche-per-gli-autotrasportatori-sardi\/"},"modified":"2011-05-23T00:00:00","modified_gmt":"2011-05-22T22:00:00","slug":"confartigianato-chiede-riduzione-delle-tariffe-anche-per-gli-autotrasportatori-sardi","status":"publish","type":"post","link":"https:\/\/www.cronacaonline.it\/index.php\/2011\/05\/23\/confartigianato-chiede-riduzione-delle-tariffe-anche-per-gli-autotrasportatori-sardi\/","title":{"rendered":"Confartigianato chiede riduzione delle tariffe anche per gli autotrasportatori sardi-"},"content":{"rendered":"<p><SPAN style=\"LINE-HEIGHT: 115%; FONT-FAMILY: 'Verdana', 'sans-serif'; FONT-SIZE: 12pt\">\u201c<I style=\"mso-bidi-font-style: normal\">Dalla compagnia navale Moby Lines apprendiamo che il calo del costo del greggio ha consentito una riduzione delle tariffe da applicare alle auto per i passaggi da e per la Sardegna<\/I> - afferma <SPAN style=\"mso-bidi-font-weight: bold\">Giovanni Antonio Mellino, Presidente di Confartigianato Trasporti Sardegna e VicePresidente Nazionale - <\/SPAN><I style=\"mso-bidi-font-style: normal\">non ci risulta ad oggi che eguale opportunit\u00e0 sia stata concessa ai mezzi di trasporto merci\u201d.<\/I><\/SPAN><\/p>\n<p><SPAN style=\"LINE-HEIGHT: 115%; FONT-FAMILY: 'Verdana', 'sans-serif'; FONT-SIZE: 12pt; mso-bidi-font-weight: bold\">\u201c<I style=\"mso-bidi-font-style: normal\">Chiediamo quindi alla compagnia Moby Lines e a tutte le altre compagnie, compresa la Tirrenia e la Saremar (che agiscono attualmente per conto dello Stato e della Regione Sardegna) di procedere immediatamente a tale adeguamento<\/I> \u2013 continua Mellino - <I style=\"mso-bidi-font-style: normal\">non si comprenderebbe altrimenti la discriminazione tra i sistemi economici (turismo e produzione) che genererebbe comunque un danno all\u2019economia della Sardegna<\/I>\u201d.<\/SPAN><\/p>\n<p><SPAN style=\"LINE-HEIGHT: 115%; FONT-FAMILY: 'Verdana', 'sans-serif'; FONT-SIZE: 12pt; mso-bidi-font-weight: bold\">\u201c<I style=\"mso-bidi-font-style: normal\">Confartigianato Trasporti Sardegna - <\/I>ricorda il Presidente Regionale degli Autotrasportatori Artigiani <I style=\"mso-bidi-font-style: normal\">- si \u00e8 impegnata e si impegner\u00e0 affinch\u00e9 migliorino le condizioni generale del trasporto e sia pi\u00f9 conveniente trasferire a prezzi competitivi i beni prodotti in Sardegna<\/I>\u201d.<\/SPAN><\/p>\n<p><SPAN style=\"LINE-HEIGHT: 115%; FONT-FAMILY: 'Verdana', 'sans-serif'; FONT-SIZE: 12pt; mso-bidi-font-weight: bold\">Confartigianato Trasporti Sardegna, per questa ragione, proseguir\u00e0 la propria azione in coordinamento con le Associazioni facenti parte di \u201c<I style=\"mso-bidi-font-style: normal\">Rete Imprese Italia<\/I>\u201d anche per istituire un Osservatorio che controlli in tempo reale l\u2019andamento dei mezzi di trasporto. Red<\/SPAN><\/p>\n","protected":false},"excerpt":{"rendered":"<p>\u201cDalla compagnia navale Moby Lines apprendiamo che il calo del costo del greggio ha consentito una riduzione delle tariffe da applicare alle auto per i&#8230;<\/p>\n","protected":false},"author":2,"featured_media":0,"comment_status":"closed","ping_status":"closed","sticky":false,"template":"","format":"standard","meta":[],"categories":[49],"tags":[],"_links":{"self":[{"href":"https:\/\/www.cronacaonline.it\/index.php\/wp-json\/wp\/v2\/posts\/67935"}],"collection":[{"href":"https:\/\/www.cronacaonline.it\/index.php\/wp-json\/wp\/v2\/posts"}],"about":[{"href":"https:\/\/www.cronacaonline.it\/index.php\/wp-json\/wp\/v2\/types\/post"}],"author":[{"embeddable":true,"href":"https:\/\/www.cronacaonline.it\/index.php\/wp-json\/wp\/v2\/users\/2"}],"replies":[{"embeddable":true,"href":"https:\/\/www.cronacaonline.it\/index.php\/wp-json\/wp\/v2\/comments?post=67935"}],"version-history":[{"count":0,"href":"https:\/\/www.cronacaonline.it\/index.php\/wp-json\/wp\/v2\/posts\/67935\/revisions"}],"wp:attachment":[{"href":"https:\/\/www.cronacaonline.it\/index.php\/wp-json\/wp\/v2\/media?parent=67935"}],"wp:term":[{"taxonomy":"category","embeddable":true,"href":"https:\/\/www.cronacaonline.it\/index.php\/wp-json\/wp\/v2\/categories?post=67935"},{"taxonomy":"post_tag","embeddable":true,"href":"https:\/\/www.cronacaonline.it\/index.php\/wp-json\/wp\/v2\/tags?post=67935"}],"curies":[{"name":"wp","href":"https:\/\/api.w.org\/{rel}","templated":true}]}}