{"id":67907,"date":"2011-05-19T00:00:00","date_gmt":"2011-05-18T22:00:00","guid":{"rendered":"http:\/\/www.cronacaonline.it\/public\/content\/index.php\/2011\/05\/19\/questa-mattina-nella-sede-della-provincia-nuorese-presentato-progetto-welfare-to-work\/"},"modified":"2011-05-19T00:00:00","modified_gmt":"2011-05-18T22:00:00","slug":"questa-mattina-nella-sede-della-provincia-nuorese-presentato-progetto-welfare-to-work","status":"publish","type":"post","link":"https:\/\/www.cronacaonline.it\/index.php\/2011\/05\/19\/questa-mattina-nella-sede-della-provincia-nuorese-presentato-progetto-welfare-to-work\/","title":{"rendered":"Questa mattina nella sede della Provincia nuorese presentato Progetto &#8220;Welfare to Work&#8221;."},"content":{"rendered":"<p><SPAN style=\"FONT-FAMILY: 'Verdana', 'sans-serif'; mso-fareast-language: IT\">Un milione di euro a sostegno dell\u2019occupazione. \u00c8 il progetto \u201cWelfare to Work\u201d della Provincia di Nuoro volto alla collocazione o ricollocazione nel mercato del lavoro di soggetti appartenenti a categorie \u201csvantaggiate\u201d, cio\u00e8 di lavoratori in regime di ammortizzatori sociali in deroga o di disoccupati o inoccupati da pi\u00f9 di sei mesi inseriti nei tirocini organizzati dalla Provincia o con pi\u00f9 di cinquanta anni.<\/SPAN><\/p>\n<p><SPAN style=\"FONT-FAMILY: 'Verdana', 'sans-serif'; mso-fareast-language: IT\">\u201cLa Provincia di Nuoro, prima in Sardegna nella gestione delle politiche attive del lavoro e nella formazione, ha costruito in questi anni una propria struttura del settore Lavoro, inesistente fino a dieci anni fa&nbsp;&nbsp;\u2013 ha spiegato il Presidente Roberto Deriu \u2013 si \u00e8 dotata di un apparato forte capace di concretizzare progetti importanti come questo e di intercettare&nbsp;&nbsp;le iniziative e i fondi necessari per l\u2019attuazione. Si tratta di un lavoro costante e coerente che, attraverso una valutazione dei risultati e la connessione di nuove azioni, sostiene una politica attenta al grave problema della crisi occupazionale.&nbsp;<A href=\"javascript:mails_addtocal(1,%22Oggi%22);\"><SPAN style=\"COLOR: #ff8000\">Oggi<\/SPAN><\/A>&nbsp;le promesse vengono mantenute coerentemente a quanto abbiamo detto in campagna elettorale. Siamo convinti che il problema del lavoro non si risolva attraverso gli slogan ma con la tenacia e la costanza nell\u2019applicare le misure. Sulla materia \u2013 ha sottolineato Deriu \u2013 \u00e8 attualmente in corso un dibattito con la Regione che, purtroppo,&nbsp;&nbsp;continua a muoversi a rilento determinando sempre pi\u00f9 incertezze\u201d.<\/SPAN><\/p>\n<p><SPAN style=\"FONT-FAMILY: 'Verdana', 'sans-serif'; mso-fareast-language: IT\">L\u2019azione anti crisi, nata per fronteggiare le condizioni di disagio dei lavoratori a rischio disoccupazione o espulsi dai processi produttivi, coinvolge direttamente il sistema delle imprese presenti sul territorio.&nbsp;&nbsp;Il progetto prevede infatti cinquanta bonus a favore dei datori di lavoro e di tutte le imprese locali che assumeranno con un rapporto di lavoro a tempo indeterminato, e dieci bonus per la creazione di una nuova impresa a favore di potenziali imprenditori.<\/SPAN><\/p>\n<p><SPAN style=\"FONT-FAMILY: 'Verdana', 'sans-serif'; mso-fareast-language: IT\">Dei cinquanta bonus a disposizione dei datori di lavoro, dell\u2019importo massimo di 15mila euro lordi ognuno, per un totale di 750mila euro, venticinque saranno destinati all\u2019assunzione di lavoratori in regime di ammortizzatori sociali in deroga, venticinque all\u2019assunzione dei lavoratori svantaggiati non percettori di ammortizzatori sociali.<\/SPAN><\/p>\n<p><SPAN style=\"FONT-FAMILY: 'Verdana', 'sans-serif'; mso-fareast-language: IT\">I datori di lavoro potranno inoltre beneficiare di una dote formativa di duemila euro lordi a persona per un totale di 100mila euro. Per la creazione dell\u2019impresa saranno destinati invece dieci bonus da 15mila euro lordi per un totale di 150mila euro a favore dei potenziali imprenditori.<\/SPAN><\/p>\n<p><SPAN style=\"FONT-FAMILY: 'Verdana', 'sans-serif'; mso-fareast-language: IT\">\u201cSi tratta di un investimento politico, economico e sociale rilevante che risponde ad una volont\u00e0 politica ferma di aggredire la crisi del mercato occupazionale cos\u00ec come avevamo gi\u00e0 annunciato nel nostro programma elettorale&nbsp;&nbsp;\u2013 ha dichiarato l\u2019assessore provinciale al Lavoro Giuseppe Dessena \u2013 Con il progetto Welfare to Work abbiamo portato avanti un ragionamento politico aderente al territorio facendo una attenta selezione del target specifico dei lavoratori svantaggiati. Il nostro obiettivo \u2013 ha spiegato Dessena \u2013 \u00e8 principalmente quello di facilitare la comunicazione e abbattere la barriera esistente tra i lavoratori e i datori di lavoro. Una prima risposta \u00e8&nbsp;&nbsp;gi\u00e0 stata data, altre ne daremo a breve attraverso nuove azioni mirate\u201d.<\/SPAN><\/p>\n<p><SPAN style=\"FONT-FAMILY: 'Verdana', 'sans-serif'; mso-fareast-language: IT\">Il Bando sar\u00e0 pubblicato luned\u00ec 23 maggio 2011 e sar\u00e0 consultabile nel sito della Provincia&nbsp;<a href=\"http:\/\/www.provincia.nuoro.it\/\" target=\"_blank\" rel=\"noopener noreferrer\"><SPAN style=\"COLOR: blue\">www.provincia.nuoro.it<\/SPAN><\/A>&nbsp;&nbsp;<\/SPAN><\/p>\n<p><SPAN style=\"FONT-FAMILY: 'Verdana', 'sans-serif'; mso-fareast-language: IT\">La Provincia , dopo aver verificato e accertato i requisiti previsti, proceder\u00e0 alla predisposizione di un apposita graduatoria secondo l'ordine cronologico di spedizione delle domande di adesione. Com<\/SPAN><\/p>\n","protected":false},"excerpt":{"rendered":"<p>Un milione di euro a sostegno dell\u2019occupazione. \u00c8 il progetto \u201cWelfare to Work\u201d della Provincia di Nuoro volto alla collocazione o ricollocazione nel mercato del&#8230;<\/p>\n","protected":false},"author":2,"featured_media":9387,"comment_status":"closed","ping_status":"closed","sticky":false,"template":"","format":"standard","meta":[],"categories":[49],"tags":[],"_links":{"self":[{"href":"https:\/\/www.cronacaonline.it\/index.php\/wp-json\/wp\/v2\/posts\/67907"}],"collection":[{"href":"https:\/\/www.cronacaonline.it\/index.php\/wp-json\/wp\/v2\/posts"}],"about":[{"href":"https:\/\/www.cronacaonline.it\/index.php\/wp-json\/wp\/v2\/types\/post"}],"author":[{"embeddable":true,"href":"https:\/\/www.cronacaonline.it\/index.php\/wp-json\/wp\/v2\/users\/2"}],"replies":[{"embeddable":true,"href":"https:\/\/www.cronacaonline.it\/index.php\/wp-json\/wp\/v2\/comments?post=67907"}],"version-history":[{"count":0,"href":"https:\/\/www.cronacaonline.it\/index.php\/wp-json\/wp\/v2\/posts\/67907\/revisions"}],"wp:featuredmedia":[{"embeddable":true,"href":"https:\/\/www.cronacaonline.it\/index.php\/wp-json\/"}],"wp:attachment":[{"href":"https:\/\/www.cronacaonline.it\/index.php\/wp-json\/wp\/v2\/media?parent=67907"}],"wp:term":[{"taxonomy":"category","embeddable":true,"href":"https:\/\/www.cronacaonline.it\/index.php\/wp-json\/wp\/v2\/categories?post=67907"},{"taxonomy":"post_tag","embeddable":true,"href":"https:\/\/www.cronacaonline.it\/index.php\/wp-json\/wp\/v2\/tags?post=67907"}],"curies":[{"name":"wp","href":"https:\/\/api.w.org\/{rel}","templated":true}]}}