{"id":67860,"date":"2011-05-18T00:00:00","date_gmt":"2011-05-17T22:00:00","guid":{"rendered":"http:\/\/www.cronacaonline.it\/public\/content\/index.php\/2011\/05\/18\/giornata-internazionale-dei-musei-18-maggio-2011-musei-e-memoria\/"},"modified":"2011-05-18T00:00:00","modified_gmt":"2011-05-17T22:00:00","slug":"giornata-internazionale-dei-musei-18-maggio-2011-musei-e-memoria","status":"publish","type":"post","link":"https:\/\/www.cronacaonline.it\/index.php\/2011\/05\/18\/giornata-internazionale-dei-musei-18-maggio-2011-musei-e-memoria\/","title":{"rendered":"Giornata internazionale dei musei, 18 maggio 2011: Musei e memoria"},"content":{"rendered":"<p><SPAN style=\"LINE-HEIGHT: 115%; FONT-FAMILY: 'Verdana', 'sans-serif'; FONT-SIZE: 12pt; mso-bidi-font-family: Arial\">Come ogni anno, il <SPAN style=\"COLOR: black\">18 maggio L'ICOM (International Council of Museums) indice la Giornata Internazionale dei Musei dedicata, in questa edizione, ad un tema di particolare interesse per i musei italiani in un anno che coincide con 150\u00b0 anniversario dell\u2019Unit\u00e0 d\u2019Italia, il rapporto tra Musei e Memoria.<\/SPAN><\/SPAN><\/p>\n<p><SPAN style=\"LINE-HEIGHT: 115%; FONT-FAMILY: 'Verdana', 'sans-serif'; FONT-SIZE: 12pt; mso-bidi-font-family: Arial\">Per la prima volta, la Giornata Internazionale dei Musei si svolger\u00e0 in collaborazione con l\u2019UNESCO Memory of the World Programme, con il Coordinating Council of Audiovisual Archives Associations (CCAAA), con l\u2019International Council of Archives (ICA), con l\u2019International Council of Monuments and Sites (Icomos) e con l\u2019International Federation of Library Association (IFLA), nell\u2019intento dichiarato di arricchire di contenuti l\u2019evento, aprendo a un\u2019idea di pi\u00f9 ampio respiro di valorizzazione integrata del patrimonio culturale, con un focus particolare sul patrimonio del Continente africano.<SPAN style=\"COLOR: black\"><\/SPAN><\/SPAN><\/p>\n<p><SPAN style=\"LINE-HEIGHT: 115%; FONT-FAMILY: 'Verdana', 'sans-serif'; FONT-SIZE: 12pt; mso-bidi-font-family: Arial\">I musei sono, per loro stessa natura, luoghi della memoria, perch\u00e9 collezionano, conservano e rendono pubblici oggetti e opere, che necessariamente sono collegati alla storia e ai ricordi. Per celebrare questo imprescindibile rapporto, <\/SPAN><SPAN style=\"LINE-HEIGHT: 115%; FONT-FAMILY: 'Verdana', 'sans-serif'; FONT-SIZE: 12pt\">l<SPAN style=\"mso-bidi-font-weight: bold\">a Galleria Comunale d'Arte e l\u2019Assessorato alla Cultura del Comune di Cagliari<\/SPAN> presentano l\u2019evento \u201cDalla memoria al 2011\u201d. Organizzato in collaborazione con lo IED (Istituto Europeo di Design) di Cagliari, l\u2019evento inizier\u00e0 alle <B style=\"mso-bidi-font-weight: normal\">ore 18<\/B> e sar\u00e0 l\u2019occasione per presentare al pubblico i lavori realizzati dagli studenti dell'Istituto che durante l\u2019anno hanno lavorato con il personale del museo. Una proficua collaborazione che si ripete per il secondo anno consecutivo, ribadendo la positivit\u00e0 e l\u2019efficacia che hanno il dialogo, il continuo scambio e il concorso di idee innovative e di risorse umane.<\/SPAN><SPAN style=\"LINE-HEIGHT: 115%; FONT-FAMILY: 'Verdana', 'sans-serif'; COLOR: black; FONT-SIZE: 12pt; mso-bidi-font-family: Arial\"><\/SPAN><\/p>\n<p><SPAN style=\"LINE-HEIGHT: 115%; FONT-FAMILY: 'Verdana', 'sans-serif'; FONT-SIZE: 12pt\">Ispirati dalle opere delle nostre collezioni permanenti, gli studenti hanno appositamente realizzato dei video, nei quali emerge il concetto di memoria nelle varie accezioni del termine. La memoria personale, la memoria storica, la memoria letteraria, la memoria onirica o, semplicemente, quella uditiva, che la visione di un\u2019opera d\u2019arte pu\u00f2 risvegliare nell\u2019osservatore, saranno sviscerate o ricomposte nei video, nuove \u201copere d\u2019arte\u201d scaturite dalla creativit\u00e0 e dalla sensibilit\u00e0 dei ragazzi. I lavori saranno esposti al pubblico da mercoled\u00ec 18 fino a luned\u00ec 23 maggio compreso.<\/SPAN><SPAN style=\"LINE-HEIGHT: 115%; FONT-FAMILY: 'Verdana', 'sans-serif'; COLOR: black; FONT-SIZE: 12pt; mso-bidi-font-family: Arial\"><\/SPAN><\/p>\n<p><SPAN style=\"LINE-HEIGHT: 115%; FONT-FAMILY: 'Verdana', 'sans-serif'; FONT-SIZE: 12pt\">A conclusione della giornata in cui sar\u00e0 garantito l\u2019ingresso gratuito, agli ospiti verr\u00e0 offerto un aperitivo. Com<\/SPAN><\/p>\n","protected":false},"excerpt":{"rendered":"<p>Come ogni anno, il 18 maggio L&#8217;ICOM (International Council of Museums) indice la Giornata Internazionale dei Musei dedicata, in questa edizione, ad un tema di&#8230;<\/p>\n","protected":false},"author":2,"featured_media":0,"comment_status":"closed","ping_status":"closed","sticky":false,"template":"","format":"standard","meta":[],"categories":[49],"tags":[],"_links":{"self":[{"href":"https:\/\/www.cronacaonline.it\/index.php\/wp-json\/wp\/v2\/posts\/67860"}],"collection":[{"href":"https:\/\/www.cronacaonline.it\/index.php\/wp-json\/wp\/v2\/posts"}],"about":[{"href":"https:\/\/www.cronacaonline.it\/index.php\/wp-json\/wp\/v2\/types\/post"}],"author":[{"embeddable":true,"href":"https:\/\/www.cronacaonline.it\/index.php\/wp-json\/wp\/v2\/users\/2"}],"replies":[{"embeddable":true,"href":"https:\/\/www.cronacaonline.it\/index.php\/wp-json\/wp\/v2\/comments?post=67860"}],"version-history":[{"count":0,"href":"https:\/\/www.cronacaonline.it\/index.php\/wp-json\/wp\/v2\/posts\/67860\/revisions"}],"wp:attachment":[{"href":"https:\/\/www.cronacaonline.it\/index.php\/wp-json\/wp\/v2\/media?parent=67860"}],"wp:term":[{"taxonomy":"category","embeddable":true,"href":"https:\/\/www.cronacaonline.it\/index.php\/wp-json\/wp\/v2\/categories?post=67860"},{"taxonomy":"post_tag","embeddable":true,"href":"https:\/\/www.cronacaonline.it\/index.php\/wp-json\/wp\/v2\/tags?post=67860"}],"curies":[{"name":"wp","href":"https:\/\/api.w.org\/{rel}","templated":true}]}}