{"id":67859,"date":"2011-05-20T00:00:00","date_gmt":"2011-05-19T22:00:00","guid":{"rendered":"http:\/\/www.cronacaonline.it\/public\/content\/index.php\/2011\/05\/20\/al-liceo-scientifico-vince-la-donazioneattribuiti-stamattina-i-riconoscimenti-agli-studenti-vincitori-del-concorso-donare-e-ridare\/"},"modified":"2011-05-20T00:00:00","modified_gmt":"2011-05-19T22:00:00","slug":"al-liceo-scientifico-vince-la-donazioneattribuiti-stamattina-i-riconoscimenti-agli-studenti-vincitori-del-concorso-donare-e-ridare","status":"publish","type":"post","link":"https:\/\/www.cronacaonline.it\/index.php\/2011\/05\/20\/al-liceo-scientifico-vince-la-donazioneattribuiti-stamattina-i-riconoscimenti-agli-studenti-vincitori-del-concorso-donare-e-ridare\/","title":{"rendered":"Al liceo scientifico vince la donazioneAttribuiti stamattina i riconoscimenti agli studenti vincitori del concorso \u201cDonare \u00e8 ..ridare\u201d"},"content":{"rendered":"<p><SPAN style=\"FONT-FAMILY: 'Arial', 'sans-serif'\">Due borse di studio e due menzioni speciali: \u00e8 questo l\u2019esito del concorso promosso dal barista Tonino Mura per ricordare i vent\u2019anni dal suo primo intervento di trapianto e sensibilizzare sul tema della donazione degli organi. Ad aggiudicarsi i 500 euro ciascuno del primo e secondo premio sono stati Dennis Canneddu di Mamoiada e Costanza Seddone, entrambi autori di un lavoro in power point, i quali hanno saputo coniugare scientificit\u00e0, umanit\u00e0, poeticit\u00e0 ed efficacia. La Asl di Nuoro ha poi messo a disposizione ulteriori 200 euro: ad aggiudicarsi questi altri due riconoscimenti speciali sono stati Roberto Porcu di Oniferi e la nuorese Paola Fulghesu, il primo con un video dal taglio molto creativo e originale, la seconda con un racconto fantascientifico.<\/SPAN><\/p>\n<p><SPAN style=\"FONT-FAMILY: 'Arial', 'sans-serif'\">Una cerimonia sobria ma ricca di emozione, quella che si \u00e8 svolta stamattina al Liceo Scientifico di Nuoro in presenza dei familiari di diversi donatori. A consegnare i premi Bachisio Porru, dirigente dell\u2019istituto, Antonio Maria Soru, direttore generale della Asl ed Elena Zidda, responsabile Coordinamento Trapianti dell\u2019azienda sanitaria nuorese. <\/SPAN><\/p>\n<p><SPAN style=\"FONT-FAMILY: 'Arial', 'sans-serif'\">Senso civico, solidariet\u00e0 e promozione della cultura della donazione d\u2019organi oltre che di quella della salute il leit motiv della giornata. Tanta l\u2019emozione. Da parte di tutti: \u00abIn questa occasione mi tornano in mente tutti i momenti di un evento mai banale che a suo tempo ho vissuto da medico \u2013 ha rievocato Soru \u2013 quando si mette in moto una macchina perfetta, ma ancora prima delle emozioni indescrivibili nell\u2019avvertire la forza vitale di un organo espiantato pronto a ridare una nuova speranza. In ospedale oltre a medici, infermieri, psicologi si attiva la direzione sanitaria, e poi dall\u2019altra parte i velivoli, aereo o elicottero, le forze dell\u2019ordine. Un sistema che funziona alla perfezione. Da una parte chi espianta, dall\u2019altra parte, in chiss\u00e0 quale zona d\u2019Italia, squadre altrettanto efficienti nel ricevere e trapiantare. Vorrei che se qualcuno di voi decidesse di intraprendere la professione medica, lo facesse con questo spirito, con la consapevolezza dell\u2019importanza del lavoro che si accinge a svolgere\u00bb. D\u2019accordo con lui la dottoressa Zidda: \u00abDopo ogni donazione mi sento migliore\u00bb, ha sottolineato la coordinatrice. <\/SPAN><\/p>\n<p><SPAN style=\"FONT-FAMILY: 'Arial', 'sans-serif'\">Presenti diversi familiari di donatori, a cominciare da Gianfranco Biscu, padre del giovane Mathias di Oliena, morto recentemente di incidente stradale, che insieme alla moglie ha deciso di donare gli organi del figlio: \u00ab<SPAN style=\"TEXT-TRANSFORM: uppercase\">\u00e8<\/SPAN> proprio lui che ci ha aiutato a decidere tutte le volte che ha esplicitato la propria volont\u00e0 davanti a un telegiornale\u00bb.<\/SPAN><\/p>\n<p><SPAN style=\"FONT-FAMILY: 'Arial', 'sans-serif'\">Porru ha rimarcato il ruolo della scuola come \u00abluogo d\u2019eccellenza di educazione alla cittadinanza, in cui cerchiamo di formare dei soggetti attivi, per questo nel concorso abbiamo coinvolto tutte e 50 le classi della scuola, volevamo che il messaggio attraversasse tutte le fasce d\u2019et\u00e0\u00bb. Il preside ha poi concluso sottolineando come \u00abil tema della salute non pu\u00f2 prescindere da quello della solidariet\u00e0\u00bb. <\/SPAN><\/p>\n","protected":false},"excerpt":{"rendered":"<p>Due borse di studio e due menzioni speciali: \u00e8 questo l\u2019esito del concorso promosso dal barista Tonino Mura per ricordare i vent\u2019anni dal suo primo&#8230;<\/p>\n","protected":false},"author":2,"featured_media":0,"comment_status":"closed","ping_status":"closed","sticky":false,"template":"","format":"standard","meta":[],"categories":[49],"tags":[],"_links":{"self":[{"href":"https:\/\/www.cronacaonline.it\/index.php\/wp-json\/wp\/v2\/posts\/67859"}],"collection":[{"href":"https:\/\/www.cronacaonline.it\/index.php\/wp-json\/wp\/v2\/posts"}],"about":[{"href":"https:\/\/www.cronacaonline.it\/index.php\/wp-json\/wp\/v2\/types\/post"}],"author":[{"embeddable":true,"href":"https:\/\/www.cronacaonline.it\/index.php\/wp-json\/wp\/v2\/users\/2"}],"replies":[{"embeddable":true,"href":"https:\/\/www.cronacaonline.it\/index.php\/wp-json\/wp\/v2\/comments?post=67859"}],"version-history":[{"count":0,"href":"https:\/\/www.cronacaonline.it\/index.php\/wp-json\/wp\/v2\/posts\/67859\/revisions"}],"wp:attachment":[{"href":"https:\/\/www.cronacaonline.it\/index.php\/wp-json\/wp\/v2\/media?parent=67859"}],"wp:term":[{"taxonomy":"category","embeddable":true,"href":"https:\/\/www.cronacaonline.it\/index.php\/wp-json\/wp\/v2\/categories?post=67859"},{"taxonomy":"post_tag","embeddable":true,"href":"https:\/\/www.cronacaonline.it\/index.php\/wp-json\/wp\/v2\/tags?post=67859"}],"curies":[{"name":"wp","href":"https:\/\/api.w.org\/{rel}","templated":true}]}}