{"id":67834,"date":"2011-05-05T00:00:00","date_gmt":"2011-05-04T22:00:00","guid":{"rendered":"http:\/\/www.cronacaonline.it\/public\/content\/index.php\/2011\/05\/05\/incontro-capigruppo-e-delegazione-della-carbosulcis-solidarieta-e-unita-per-i-lavoratori\/"},"modified":"2011-05-05T00:00:00","modified_gmt":"2011-05-04T22:00:00","slug":"incontro-capigruppo-e-delegazione-della-carbosulcis-solidarieta-e-unita-per-i-lavoratori","status":"publish","type":"post","link":"https:\/\/www.cronacaonline.it\/index.php\/2011\/05\/05\/incontro-capigruppo-e-delegazione-della-carbosulcis-solidarieta-e-unita-per-i-lavoratori\/","title":{"rendered":"Incontro capigruppo e delegazione della Carbosulcis &#8211; Solidariet\u00e0 e unit\u00e0 per i lavoratori."},"content":{"rendered":"<p>Nel corso dell'incontro, svoltosi questo pomeriggio, tra i capigruppo del consiglio regionale e una delegazione della Carbosulcis, \u00e8 emersa una solidariet\u00e0 piena ai lavoratori e massima unit\u00e0 di tutte le forze politiche per salvaguardare il futuro dell'azienda.<\/p>\n<p>Il vicepresidente dell'Assemblea Giuseppe, Luigi Cucca, l'assessore regionale all'industria, Oscar Cherchi, Mario Diana (Pdl), Giampaolo Diana (Pd), Franco Meloni (Riformatori sardi), Paolo Dess\u00ec (Psd'az), Massimo Mulas (Misto), Giulio Steri (Udc) e Carlo Sechi (Gruppo Sinistra Ecologia e Libert\u00e0 - Comunisti - Indipendentistas) hanno assicurato la totale attenzione del Consiglio e della giunta sulla questione Carbosulcis.<\/p>\n<p>\"Siamo fortemente preoccupati - hanno detto i lavoratori - perch\u00e9 ci troviamo a un punto cruciale per il futuro della Carbosulcis. La Regione, essendo azionista di maggioranza, ha tutti gli strumenti per risolvere gli intoppi che sembrano insuperabili\".<\/p>\n<p>L'assessore Oscar Cherchi ha annunciato che marted\u00ec a Roma sar\u00e0 decisa la data dell'incontro di Bruxelles in cui verranno presentate le schede tecniche da sottoporre all'attenzione della Commissione Europea e ha auspicato l'unit\u00e0 di tutte le forze del Consiglio regionale. Red.<\/p>\n","protected":false},"excerpt":{"rendered":"<p>Nel corso dell&#8217;incontro, svoltosi questo pomeriggio, tra i capigruppo del consiglio regionale e una delegazione della Carbosulcis, \u00e8 emersa una solidariet\u00e0 piena ai lavoratori e&#8230;<\/p>\n","protected":false},"author":2,"featured_media":1421,"comment_status":"closed","ping_status":"closed","sticky":false,"template":"","format":"standard","meta":[],"categories":[49],"tags":[],"_links":{"self":[{"href":"https:\/\/www.cronacaonline.it\/index.php\/wp-json\/wp\/v2\/posts\/67834"}],"collection":[{"href":"https:\/\/www.cronacaonline.it\/index.php\/wp-json\/wp\/v2\/posts"}],"about":[{"href":"https:\/\/www.cronacaonline.it\/index.php\/wp-json\/wp\/v2\/types\/post"}],"author":[{"embeddable":true,"href":"https:\/\/www.cronacaonline.it\/index.php\/wp-json\/wp\/v2\/users\/2"}],"replies":[{"embeddable":true,"href":"https:\/\/www.cronacaonline.it\/index.php\/wp-json\/wp\/v2\/comments?post=67834"}],"version-history":[{"count":0,"href":"https:\/\/www.cronacaonline.it\/index.php\/wp-json\/wp\/v2\/posts\/67834\/revisions"}],"wp:featuredmedia":[{"embeddable":true,"href":"https:\/\/www.cronacaonline.it\/index.php\/wp-json\/wp\/v2\/media\/1421"}],"wp:attachment":[{"href":"https:\/\/www.cronacaonline.it\/index.php\/wp-json\/wp\/v2\/media?parent=67834"}],"wp:term":[{"taxonomy":"category","embeddable":true,"href":"https:\/\/www.cronacaonline.it\/index.php\/wp-json\/wp\/v2\/categories?post=67834"},{"taxonomy":"post_tag","embeddable":true,"href":"https:\/\/www.cronacaonline.it\/index.php\/wp-json\/wp\/v2\/tags?post=67834"}],"curies":[{"name":"wp","href":"https:\/\/api.w.org\/{rel}","templated":true}]}}