{"id":67821,"date":"2011-05-09T00:00:00","date_gmt":"2011-05-08T22:00:00","guid":{"rendered":"http:\/\/www.cronacaonline.it\/public\/content\/index.php\/2011\/05\/09\/fini-premier-allergico-al-confronto-e-secondo-me-non-andra-mai-al-quirinale\/"},"modified":"2011-05-09T00:00:00","modified_gmt":"2011-05-08T22:00:00","slug":"fini-premier-allergico-al-confronto-e-secondo-me-non-andra-mai-al-quirinale","status":"publish","type":"post","link":"https:\/\/www.cronacaonline.it\/index.php\/2011\/05\/09\/fini-premier-allergico-al-confronto-e-secondo-me-non-andra-mai-al-quirinale\/","title":{"rendered":"Fini: premier allergico al confronto e secondo me non andr\u00e0 mai al Quirinale"},"content":{"rendered":"<p>Il governo Berlusconi arriver\u00e0 a fine legislatura ma il berlusconismo&nbsp;\u00e8 un fenomeno in via di superamento. Ne parla gi\u00e0 al passato,&nbsp;Gianfranco Fini, dacvanti alle telecamere di 'Potere', da Lucia Annunziata&nbsp;(in onda stasera su Raitre). <\/p>\n<p>Per&nbsp;il presidente della Camera&nbsp;la pubblica opinione \"ha compreso che il grande sogno, quello che ha rappresentato il biglietto da visita positivo per Berlusconi, si \u00e8 infranto con la realt\u00e0\".<\/p>\n<p>E per questo&nbsp;Fini \u00e8 convinto che Berlusconi non sar\u00e0 mai Presidente della Repubblica perch\u00e9, spiega, \"non controller\u00e0 la maggioranza del prossimo Parlamento. Qualsiasi cosa si possa inventare: leggi elettorali, responsabili che lo supportino. Non credo di<BR style=\"PADDING-BOTTOM: 0px; MARGIN: 0px; PADDING-LEFT: 0px; PADDING-RIGHT: 0px; PADDING-TOP: 0px\">sbagliarmi\".<\/p>\n","protected":false},"excerpt":{"rendered":"<p>Il governo Berlusconi arriver\u00e0 a fine legislatura ma il berlusconismo&nbsp;\u00e8 un fenomeno in via di superamento. Ne parla gi\u00e0 al passato,&nbsp;Gianfranco Fini, dacvanti alle telecamere&#8230;<\/p>\n","protected":false},"author":2,"featured_media":0,"comment_status":"closed","ping_status":"closed","sticky":false,"template":"","format":"standard","meta":[],"categories":[49],"tags":[],"_links":{"self":[{"href":"https:\/\/www.cronacaonline.it\/index.php\/wp-json\/wp\/v2\/posts\/67821"}],"collection":[{"href":"https:\/\/www.cronacaonline.it\/index.php\/wp-json\/wp\/v2\/posts"}],"about":[{"href":"https:\/\/www.cronacaonline.it\/index.php\/wp-json\/wp\/v2\/types\/post"}],"author":[{"embeddable":true,"href":"https:\/\/www.cronacaonline.it\/index.php\/wp-json\/wp\/v2\/users\/2"}],"replies":[{"embeddable":true,"href":"https:\/\/www.cronacaonline.it\/index.php\/wp-json\/wp\/v2\/comments?post=67821"}],"version-history":[{"count":0,"href":"https:\/\/www.cronacaonline.it\/index.php\/wp-json\/wp\/v2\/posts\/67821\/revisions"}],"wp:attachment":[{"href":"https:\/\/www.cronacaonline.it\/index.php\/wp-json\/wp\/v2\/media?parent=67821"}],"wp:term":[{"taxonomy":"category","embeddable":true,"href":"https:\/\/www.cronacaonline.it\/index.php\/wp-json\/wp\/v2\/categories?post=67821"},{"taxonomy":"post_tag","embeddable":true,"href":"https:\/\/www.cronacaonline.it\/index.php\/wp-json\/wp\/v2\/tags?post=67821"}],"curies":[{"name":"wp","href":"https:\/\/api.w.org\/{rel}","templated":true}]}}