{"id":67811,"date":"2011-05-26T00:00:00","date_gmt":"2011-05-25T22:00:00","guid":{"rendered":"http:\/\/www.cronacaonline.it\/public\/content\/index.php\/2011\/05\/26\/parte-lxterra-world-tour-dave-nicholas-se-dici-xterra-in-europa-dici-xterra-italy-sardegna\/"},"modified":"2011-05-26T00:00:00","modified_gmt":"2011-05-25T22:00:00","slug":"parte-lxterra-world-tour-dave-nicholas-se-dici-xterra-in-europa-dici-xterra-italy-sardegna","status":"publish","type":"post","link":"https:\/\/www.cronacaonline.it\/index.php\/2011\/05\/26\/parte-lxterra-world-tour-dave-nicholas-se-dici-xterra-in-europa-dici-xterra-italy-sardegna\/","title":{"rendered":"Parte l&#8217;XTerra World Tour \u2013 Dave Nicholas: \u201cSe dici XTerra in Europa dici XTerra Italy Sardegna\u201d."},"content":{"rendered":"<p><FONT face=\"Verdana, sans-serif\"><FONT style=\"FONT-SIZE: 11pt\" size=2><FONT color=#000000>Il patron dell'XTerra World Tour, Dave Nicholas, nel corso della conferenza stampa di presentazione dell'evento, organizzato dalle societ\u00e0 Island Group e patrocinato dalla Regione Sardegna, ha dichiarato: \"Se dici XTerra in Europa dici XTerra Italy Sardegna. Nello stesso modo in cui, quando si parla della F1 nel vecchio continente, tutti la identificano con i Gp di Monaco e Monza\". <\/FONT><\/FONT><\/FONT><\/p>\n<p><FONT color=#000000><FONT face=\"Verdana, sans-serif\"><FONT style=\"FONT-SIZE: 11pt\" size=2><FONT color=#000000>Alla presenza dall'assessore regionale del Turismo Luigi Crisponi, dei sindaci di Galtell\u00ec, Irgoli, Loculi, Onifai e Orosei, il cui territorio \u00e8 coinvolto nella manifestazione, del direttore dell'Ente Foreste Ruggero Sau e del presidente della Camera di Commercio Romolo Pisano, si \u00e8 quindi dato i<\/FONT><FONT color=#000000><SPAN style=\"TEXT-DECORATION: none\">l via alla pi\u00f9 autorevole tappa del triathlon internazionale che, dal 29 maggio al 4 giugno prossimi, coinvolger\u00e0 pi\u00f9 di mille atleti di 22 nazionalit\u00e0 (tra cui Australia, Sud Africa, Stati Uniti, Finlandia, paesi dove la specialit\u00e0 \u00e8 particolarmente diffusa), in rappresentanza di America, Africa, Europa e Oceania. <\/SPAN><\/FONT><\/FONT><\/FONT><\/FONT><\/p>\n<p><FONT color=#000000><FONT color=#000000><SPAN style=\"TEXT-DECORATION: none\">\"<\/SPAN><\/FONT><FONT face=\"Verdana, sans-serif\"><FONT style=\"FONT-SIZE: 11pt\" size=2><FONT color=#000000><SPAN style=\"TEXT-DECORATION: none\">La Sardegna si conferma territorio esclusivo e d'eccellenza per realizzare eventi di questa portata - ha detto l'assessore regionale del Turismo, Luigi Crisponi, durante la conferenza stampa -, ossia gare internazionali di altissimo livello in contesti naturali unici: gli sportivi di tutto il mondo si misureranno in luoghi incontaminati. Un appuntamento mette in vetrina i territori dell'interno al grande pubblico e mette in mostra quanto questa parte della Sardegna pu\u00f2 offrire soprattutto per quanto riguarda il turismo attivo e lo sport, con implicazioni di varia natura: culturali, identitarie, turistiche, e dunque economiche\". <\/SPAN><\/FONT><\/FONT><\/FONT><\/FONT><\/p>\n<p><FONT color=#000000><FONT color=#000000><SPAN style=\"TEXT-DECORATION: none\">\"<FONT face=\"Verdana, sans-serif\"><FONT style=\"FONT-SIZE: 11pt\" size=2>XTerra fa parte dei grandi eventi della Sardegna, \u00e8 un esempio di ci\u00f2 che la nostra isola pu\u00f2 offrire nell'ambito del turismo attivo \u2013 ha precisato il sindaco di Orosei fresco di nomina Francesco Mula \u2013 esempio di sviluppo del territorio che quest'anno coincider\u00e0 anche con la celebrazione di Santa Maria e Mare, festa molto cara alla nostra comunit\u00e0\". <\/SPAN><\/FONT><\/FONT><\/FONT><\/FONT><\/p>\n<p><FONT color=#000000><FONT face=\"Verdana, sans-serif\"><FONT style=\"FONT-SIZE: 11pt\" size=2><FONT color=#000000><SPAN style=\"TEXT-DECORATION: none\">Primo appuntamento il 29 maggio con il triathlon off road, poi il 2 giugno con l'XTerra Mountain Bike, per agonisti ma anche e per escursionisti: 42 km di paesaggi da mille suggestioni la foresta di Su Padente, i panorami di Monte Petrosu e i centri storici di Irgoli, Loculi e Onifai. Terza giornata il 4 giugno, con la novit\u00e0 del 2011, il Nordic Walking, una camminata \"potenziata\" con due bastoncini, specialit\u00e0 di origine finlandese, adatta a tutte le et\u00e0. <\/SPAN><\/FONT><\/FONT><\/FONT><\/FONT><\/p>\n<p><FONT color=#000000><FONT face=\"Verdana, sans-serif\"><FONT style=\"FONT-SIZE: 11pt\" size=2><FONT color=#000000><SPAN style=\"TEXT-DECORATION: none\">Presente anche la campionessa svizzera Renata Bucher che ha affermato: \"Sono felicissima di essere qua in Sardegna e sono pronta a ritornarci ogni anno perch\u00e9 \u00e8 la gara pi\u00f9 affascinante di tutto il circuito, e sono decisa a difendere il titolo conquistato lo scorso anno\". Com.<\/SPAN><\/FONT><\/FONT><\/FONT><\/FONT><\/p>\n","protected":false},"excerpt":{"rendered":"<p>Il patron dell&#8217;XTerra World Tour, Dave Nicholas, nel corso della conferenza stampa di presentazione dell&#8217;evento, organizzato dalle societ\u00e0 Island Group e patrocinato dalla Regione Sardegna,&#8230;<\/p>\n","protected":false},"author":2,"featured_media":0,"comment_status":"closed","ping_status":"closed","sticky":false,"template":"","format":"standard","meta":[],"categories":[49],"tags":[],"_links":{"self":[{"href":"https:\/\/www.cronacaonline.it\/index.php\/wp-json\/wp\/v2\/posts\/67811"}],"collection":[{"href":"https:\/\/www.cronacaonline.it\/index.php\/wp-json\/wp\/v2\/posts"}],"about":[{"href":"https:\/\/www.cronacaonline.it\/index.php\/wp-json\/wp\/v2\/types\/post"}],"author":[{"embeddable":true,"href":"https:\/\/www.cronacaonline.it\/index.php\/wp-json\/wp\/v2\/users\/2"}],"replies":[{"embeddable":true,"href":"https:\/\/www.cronacaonline.it\/index.php\/wp-json\/wp\/v2\/comments?post=67811"}],"version-history":[{"count":0,"href":"https:\/\/www.cronacaonline.it\/index.php\/wp-json\/wp\/v2\/posts\/67811\/revisions"}],"wp:attachment":[{"href":"https:\/\/www.cronacaonline.it\/index.php\/wp-json\/wp\/v2\/media?parent=67811"}],"wp:term":[{"taxonomy":"category","embeddable":true,"href":"https:\/\/www.cronacaonline.it\/index.php\/wp-json\/wp\/v2\/categories?post=67811"},{"taxonomy":"post_tag","embeddable":true,"href":"https:\/\/www.cronacaonline.it\/index.php\/wp-json\/wp\/v2\/tags?post=67811"}],"curies":[{"name":"wp","href":"https:\/\/api.w.org\/{rel}","templated":true}]}}