{"id":67804,"date":"2011-05-02T00:00:00","date_gmt":"2011-05-01T22:00:00","guid":{"rendered":"http:\/\/www.cronacaonline.it\/public\/content\/index.php\/2011\/05\/02\/monumenti-aperti-domani-conferenza-stampa-di-presentazione\/"},"modified":"2011-05-02T00:00:00","modified_gmt":"2011-05-01T22:00:00","slug":"monumenti-aperti-domani-conferenza-stampa-di-presentazione","status":"publish","type":"post","link":"https:\/\/www.cronacaonline.it\/index.php\/2011\/05\/02\/monumenti-aperti-domani-conferenza-stampa-di-presentazione\/","title":{"rendered":"Monumenti aperti, domani conferenza stampa di presentazione"},"content":{"rendered":"<p><SPAN style=\"FONT-FAMILY: 'Arial', 'sans-serif'; COLOR: black; FONT-SIZE: 10pt; mso-fareast-font-family: 'Times New Roman'; mso-fareast-language: IT\"><FONT face=\"\">Turismo e cultura, un binomio perfetto per la Sardegna, terra ricca di segni e tracce della sua vicenda millenaria. Tra questi segni anche uno straordinario patrimonio di beni culturali, composto da antichi palazzi e castelli, basiliche e chiese, musei e biblioteche, parchi minerari e archeologici.&nbsp;Monumenti Aperti \u00e8 il percorso ideale per visitare e scoprire questi tesori della storia isolana.&nbsp;L\u2019edizione 2011 della manifestazione, che prender\u00e0 il via da Cagliari (nel weekend del 7 e 8 maggio) e si snoder\u00e0 per 11 fine settimana sino al 30 ottobre prossimo, sar\u00e0 presentata&nbsp;<\/FONT><A href=\"javascript:mails_addtocal(2,%22domani%22);\"><SPAN style=\"COLOR: #ff8000\"><FONT face=\"\">domani<\/FONT><\/SPAN><\/A><FONT face=\"\">,&nbsp;<B>marted\u00ec 3 maggio, alle 10.30, a Cagliari al sesto piano (Sala Conferenze) della sede dell\u2019assessorato del Turismo, Artigianato e Commercio, in viale Trieste 105<\/B>.<\/FONT><\/SPAN><SPAN style=\"FONT-FAMILY: 'Times New Roman', 'serif'; COLOR: black; FONT-SIZE: 12pt; mso-fareast-font-family: 'Times New Roman'; mso-fareast-language: IT\"><\/SPAN><\/p>\n<p><SPAN style=\"FONT-FAMILY: 'Arial', 'sans-serif'; COLOR: black; FONT-SIZE: 10pt; mso-fareast-font-family: 'Times New Roman'; mso-fareast-language: IT\"><FONT face=\"\">Alla conferenza stampa interverranno gli assessori regionali del Turismo, Luigi Crisponi, e dei Beni Culturali, Sergio Milia e Fabrizio Frongia, presidente di \u2018Imago Mundi\u2019, societ\u00e0 organizzatrice dell\u2019evento. Saranno presenti alla conferenza anche i rappresentati delle 35 amministrazioni comunali coinvolte in Monumenti Aperti.&nbsp;Red<\/FONT><\/SPAN><\/p>\n<p><SPAN style=\"FONT-FAMILY: 'Arial', 'sans-serif'; COLOR: black; FONT-SIZE: 10pt; mso-fareast-font-family: 'Times New Roman'; mso-fareast-language: IT\"><FONT face=\"\">&nbsp;<\/FONT><\/SPAN><\/p>\n","protected":false},"excerpt":{"rendered":"<p>Turismo e cultura, un binomio perfetto per la Sardegna, terra ricca di segni e tracce della sua vicenda millenaria. Tra questi segni anche uno straordinario&#8230;<\/p>\n","protected":false},"author":2,"featured_media":0,"comment_status":"closed","ping_status":"closed","sticky":false,"template":"","format":"standard","meta":[],"categories":[49],"tags":[],"_links":{"self":[{"href":"https:\/\/www.cronacaonline.it\/index.php\/wp-json\/wp\/v2\/posts\/67804"}],"collection":[{"href":"https:\/\/www.cronacaonline.it\/index.php\/wp-json\/wp\/v2\/posts"}],"about":[{"href":"https:\/\/www.cronacaonline.it\/index.php\/wp-json\/wp\/v2\/types\/post"}],"author":[{"embeddable":true,"href":"https:\/\/www.cronacaonline.it\/index.php\/wp-json\/wp\/v2\/users\/2"}],"replies":[{"embeddable":true,"href":"https:\/\/www.cronacaonline.it\/index.php\/wp-json\/wp\/v2\/comments?post=67804"}],"version-history":[{"count":0,"href":"https:\/\/www.cronacaonline.it\/index.php\/wp-json\/wp\/v2\/posts\/67804\/revisions"}],"wp:attachment":[{"href":"https:\/\/www.cronacaonline.it\/index.php\/wp-json\/wp\/v2\/media?parent=67804"}],"wp:term":[{"taxonomy":"category","embeddable":true,"href":"https:\/\/www.cronacaonline.it\/index.php\/wp-json\/wp\/v2\/categories?post=67804"},{"taxonomy":"post_tag","embeddable":true,"href":"https:\/\/www.cronacaonline.it\/index.php\/wp-json\/wp\/v2\/tags?post=67804"}],"curies":[{"name":"wp","href":"https:\/\/api.w.org\/{rel}","templated":true}]}}