{"id":67783,"date":"2011-05-17T00:00:00","date_gmt":"2011-05-16T22:00:00","guid":{"rendered":"http:\/\/www.cronacaonline.it\/public\/content\/index.php\/2011\/05\/17\/sanita-penitenziaria-sdr-inspiegabile-mancato-trasferimento-asl\/"},"modified":"2011-05-17T00:00:00","modified_gmt":"2011-05-16T22:00:00","slug":"sanita-penitenziaria-sdr-inspiegabile-mancato-trasferimento-asl","status":"publish","type":"post","link":"https:\/\/www.cronacaonline.it\/index.php\/2011\/05\/17\/sanita-penitenziaria-sdr-inspiegabile-mancato-trasferimento-asl\/","title":{"rendered":"Sanit\u00e0 penitenziaria: Sdr, inspiegabile mancato trasferimento Asl"},"content":{"rendered":"<p><SPAN style=\"LINE-HEIGHT: 115%; FONT-FAMILY: 'Verdana', 'sans-serif'; FONT-SIZE: 12pt; mso-fareast-font-family: 'Times New Roman'; mso-bidi-font-family: 'Times New Roman'; mso-fareast-language: IT\">\u201cE\u2019 ancora irrisolto il passaggio alle aziende sanitarie locali della sanit\u00e0 penitenziaria. Nel frattempo, esauriti i finanziamenti, il CDT (Centro Diagnostico Terapeutico) del carcere di Buoncammino \u00e8 di nuovo a rischio chiusura\u201d. Lo afferma Maria Grazia Caligaris, presidente dell\u2019associazione \u201cSocialismo Diritti Riforme\u201d avendo appreso che \u201cnelle prossime settimane il Ministero della Salute sentir\u00e0 in audizione&nbsp;la Regione&nbsp;a proposito delle problematiche relative alla sanit\u00e0 penitenziaria non avendo ancora provveduto il Consiglio dei Ministri ad approvare il provvedimento licenziato dal Consiglio regionale\u201d.<\/SPAN><\/p>\n<p><SPAN style=\"LINE-HEIGHT: 115%; FONT-FAMILY: 'Verdana', 'sans-serif'; FONT-SIZE: 12pt; mso-fareast-font-family: 'Times New Roman'; mso-bidi-font-family: 'Times New Roman'; mso-fareast-language: IT\">\u201cLa Sardegna&nbsp;\u2013 afferma Caligaris \u2013 presenta una condizione singolare relativamente all\u2019attuazione del decreto che fin dal&nbsp;2008 ha&nbsp;sancito il trasferimento alle ASL della medicina penitenziaria. La questione non \u00e8 passata inosservata al Tavolo di consultazione permanente della Conferenza unificata Stato-Regioni-Citt\u00e0&nbsp;&nbsp;che ha incontrato i responsabili regionali della medicina carceraria\u201d.<\/SPAN><\/p>\n<p><SPAN style=\"LINE-HEIGHT: 115%; FONT-FAMILY: 'Verdana', 'sans-serif'; FONT-SIZE: 12pt; mso-fareast-font-family: 'Times New Roman'; mso-bidi-font-family: 'Times New Roman'; mso-fareast-language: IT\">\u201cLa situazione appare anche pi\u00f9 pesante in considerazione dei ritardi nel garantire le risorse ai medici e agli infermieri che \u2013 sottolinea la presidente di SDR \u2013 a Buoncammino non hanno ancora visto il pagamento delle spettanze di dicembre mentre si apprestano a ricevere le indennit\u00e0 di marzo. In queste condizioni di incertezza, l\u2019amministrazione garantisce i farmaci soltanto agli indigenti. Una situazione che desta particolare preoccupazione per l\u2019imminente arrivo della stagione estiva, considerata la pi\u00f9 critica per le numerose persone sofferenti che si trovano nel pi\u00f9 popolato carcere dell\u2019isola dove peraltro al sovraffollamento si contrappone una grave carenza di organici della Polizia Penitenziaria\u201d-<\/SPAN><\/p>\n<p><SPAN style=\"LINE-HEIGHT: 115%; FONT-FAMILY: 'Verdana', 'sans-serif'; FONT-SIZE: 12pt; mso-fareast-font-family: 'Times New Roman'; mso-bidi-font-family: 'Times New Roman'; mso-fareast-language: IT\">\u201cE\u2019 assurdo che il Presidente della Regione \u2013 conclude Caligaris \u2013 non si renda conto della gravit\u00e0 della situazione e non chieda com\u2019\u00e8 suo diritto la convocazione urgente del Consiglio dei Ministri per risolvere il problema. C\u2019\u00e8 qualcosa evidentemente che non lo soddisfa. Se cos\u00ec \u00e8 prenda una decisione definitiva e chiarisca quale \u00e8 il vero nodo da sciogliere. Il diritto alla salute, come ha ribadito di recente&nbsp;la Cassazione, ha la precedenza su tutto e non pu\u00f2 non essere garantito\u201d.<\/SPAN><\/p>\n","protected":false},"excerpt":{"rendered":"<p>\u201cE\u2019 ancora irrisolto il passaggio alle aziende sanitarie locali della sanit\u00e0 penitenziaria. Nel frattempo, esauriti i finanziamenti, il CDT (Centro Diagnostico Terapeutico) del carcere di&#8230;<\/p>\n","protected":false},"author":2,"featured_media":9509,"comment_status":"closed","ping_status":"closed","sticky":false,"template":"","format":"standard","meta":[],"categories":[49],"tags":[],"_links":{"self":[{"href":"https:\/\/www.cronacaonline.it\/index.php\/wp-json\/wp\/v2\/posts\/67783"}],"collection":[{"href":"https:\/\/www.cronacaonline.it\/index.php\/wp-json\/wp\/v2\/posts"}],"about":[{"href":"https:\/\/www.cronacaonline.it\/index.php\/wp-json\/wp\/v2\/types\/post"}],"author":[{"embeddable":true,"href":"https:\/\/www.cronacaonline.it\/index.php\/wp-json\/wp\/v2\/users\/2"}],"replies":[{"embeddable":true,"href":"https:\/\/www.cronacaonline.it\/index.php\/wp-json\/wp\/v2\/comments?post=67783"}],"version-history":[{"count":0,"href":"https:\/\/www.cronacaonline.it\/index.php\/wp-json\/wp\/v2\/posts\/67783\/revisions"}],"wp:featuredmedia":[{"embeddable":true,"href":"https:\/\/www.cronacaonline.it\/index.php\/wp-json\/"}],"wp:attachment":[{"href":"https:\/\/www.cronacaonline.it\/index.php\/wp-json\/wp\/v2\/media?parent=67783"}],"wp:term":[{"taxonomy":"category","embeddable":true,"href":"https:\/\/www.cronacaonline.it\/index.php\/wp-json\/wp\/v2\/categories?post=67783"},{"taxonomy":"post_tag","embeddable":true,"href":"https:\/\/www.cronacaonline.it\/index.php\/wp-json\/wp\/v2\/tags?post=67783"}],"curies":[{"name":"wp","href":"https:\/\/api.w.org\/{rel}","templated":true}]}}