{"id":67738,"date":"2011-05-04T00:00:00","date_gmt":"2011-05-03T22:00:00","guid":{"rendered":"http:\/\/www.cronacaonline.it\/public\/content\/index.php\/2011\/05\/04\/consiglio-regionale-approvato-allunanimita-un-ordine-del-giorno-per-lo-sviluppo-del-settore-dello-spettacolo-in-sardegna\/"},"modified":"2011-05-04T00:00:00","modified_gmt":"2011-05-03T22:00:00","slug":"consiglio-regionale-approvato-allunanimita-un-ordine-del-giorno-per-lo-sviluppo-del-settore-dello-spettacolo-in-sardegna","status":"publish","type":"post","link":"https:\/\/www.cronacaonline.it\/index.php\/2011\/05\/04\/consiglio-regionale-approvato-allunanimita-un-ordine-del-giorno-per-lo-sviluppo-del-settore-dello-spettacolo-in-sardegna\/","title":{"rendered":"Consiglio regionale: approvato all&#8217;unanimit\u00e0 un ordine del giorno per lo sviluppo del settore dello spettacolo in Sardegna"},"content":{"rendered":"<p><SPAN style=\"FONT-FAMILY: 'Verdana', 'sans-serif'; COLOR: black; FONT-SIZE: 13.5pt; mso-fareast-font-family: 'Times New Roman'; mso-bidi-font-family: 'Times New Roman'\">Il Consiglio regionale, con 57 voti favorevoli e un'astensione, ha approvato un ordine del giorno predisposto dopo la discussione della mozione 117 sullo spettacolo. Il documento impegna la Giunta ad elaborare entro giugno le modifiche alla legge di settore e ad agire per salvaguardare le imprese che&nbsp;<A href=\"javascript:mails_addtocal(1,%22oggi%22);\"><SPAN style=\"COLOR: #ff8000\">oggi<\/SPAN><\/A>&nbsp;vivono una situazione di precariet\u00e0.<\/SPAN><\/p>\n<p><SPAN style=\"FONT-FAMILY: 'Verdana', 'sans-serif'; COLOR: black; FONT-SIZE: 13.5pt; mso-fareast-font-family: 'Times New Roman'; mso-bidi-font-family: 'Times New Roman'\">In precedenza l'assessore regionale alla Cultura Sergio Milia aveva difeso l'impianto generale della legge 18\/2006 annunciando modifiche, \"concordate dal basso\" con gli operatori, per attuare tutte le parti finora inapplicate. L'esponente della Giunta Cappellacci aveva smentito che vi sia poca sensibilit\u00e0 verso le arti, precisando che l'obiettivo \u00e8 quello di garantire maggiori qualit\u00e0 e professionalit\u00e0, il comune denominatore che deve unire i 130-140 organismi attivi nel comparto. Milia ha detto di voler superare le lentezze burocratiche nei pagamenti dei contributi attraverso l'accesso al fondo di rotazione in capo alla Sfirs e di puntare alla spesa delle risorse comunitarie (9,4 milioni di euro) senza incorrere in procedure di infrazione. Infine, sempre puntando a ottenere una maggiore qualit\u00e0 delle produzioni artistiche, l'assessore ha spiegato che sta valutando un'ipotesi di unire in una rete il Teatro lirico di Cagliari, l'Ente Concerti De Carolis di Sassari e, se possibile, anche i conservatori della Sardegna.<\/SPAN><\/p>\n<p><SPAN style=\"FONT-FAMILY: 'Verdana', 'sans-serif'; COLOR: black; FONT-SIZE: 13.5pt; mso-fareast-font-family: 'Times New Roman'; mso-bidi-font-family: 'Times New Roman'\">La seduta del Consiglio prosegue con l'esame della mozione 123 (Capelli e pi\u00f9) sulla realizzazione della scuola di formazione del Corpo forestale a Nuoro&nbsp;Red.<\/SPAN><\/p>\n<p><SPAN style=\"FONT-FAMILY: 'Verdana', 'sans-serif'; COLOR: black; FONT-SIZE: 13.5pt; mso-fareast-font-family: 'Times New Roman'; mso-bidi-font-family: 'Times New Roman'\">&nbsp;<\/SPAN><\/p>\n","protected":false},"excerpt":{"rendered":"<p>Il Consiglio regionale, con 57 voti favorevoli e un&#8217;astensione, ha approvato un ordine del giorno predisposto dopo la discussione della mozione 117 sullo spettacolo. Il&#8230;<\/p>\n","protected":false},"author":2,"featured_media":0,"comment_status":"closed","ping_status":"closed","sticky":false,"template":"","format":"standard","meta":[],"categories":[49],"tags":[],"_links":{"self":[{"href":"https:\/\/www.cronacaonline.it\/index.php\/wp-json\/wp\/v2\/posts\/67738"}],"collection":[{"href":"https:\/\/www.cronacaonline.it\/index.php\/wp-json\/wp\/v2\/posts"}],"about":[{"href":"https:\/\/www.cronacaonline.it\/index.php\/wp-json\/wp\/v2\/types\/post"}],"author":[{"embeddable":true,"href":"https:\/\/www.cronacaonline.it\/index.php\/wp-json\/wp\/v2\/users\/2"}],"replies":[{"embeddable":true,"href":"https:\/\/www.cronacaonline.it\/index.php\/wp-json\/wp\/v2\/comments?post=67738"}],"version-history":[{"count":0,"href":"https:\/\/www.cronacaonline.it\/index.php\/wp-json\/wp\/v2\/posts\/67738\/revisions"}],"wp:attachment":[{"href":"https:\/\/www.cronacaonline.it\/index.php\/wp-json\/wp\/v2\/media?parent=67738"}],"wp:term":[{"taxonomy":"category","embeddable":true,"href":"https:\/\/www.cronacaonline.it\/index.php\/wp-json\/wp\/v2\/categories?post=67738"},{"taxonomy":"post_tag","embeddable":true,"href":"https:\/\/www.cronacaonline.it\/index.php\/wp-json\/wp\/v2\/tags?post=67738"}],"curies":[{"name":"wp","href":"https:\/\/api.w.org\/{rel}","templated":true}]}}