{"id":67722,"date":"2011-05-11T00:00:00","date_gmt":"2011-05-10T22:00:00","guid":{"rendered":"http:\/\/www.cronacaonline.it\/public\/content\/index.php\/2011\/05\/11\/idromostro-tour-presidente-deriu-siamo-nellimminenza-di-una-doppia-catastrofe-di-un-idrodisastro-e-di-un-eurodisastro\/"},"modified":"2011-05-11T00:00:00","modified_gmt":"2011-05-10T22:00:00","slug":"idromostro-tour-presidente-deriu-siamo-nellimminenza-di-una-doppia-catastrofe-di-un-idrodisastro-e-di-un-eurodisastro","status":"publish","type":"post","link":"https:\/\/www.cronacaonline.it\/index.php\/2011\/05\/11\/idromostro-tour-presidente-deriu-siamo-nellimminenza-di-una-doppia-catastrofe-di-un-idrodisastro-e-di-un-eurodisastro\/","title":{"rendered":"Idromostro Tour &#8211; Presidente Deriu: &#8220;Siamo nell\u2019imminenza di una doppia catastrofe, di un idrodisastro e di un eurodisastro&#8221;."},"content":{"rendered":"<p>Si \u00e8 concluso a Cagliari l'Idromostro Tour, organizzato dalla Associazione \"Liberiamo l'Acqua\", che ha toccato da sabato scorso Tempio, Porto Torres, Sassari, Nuoro, Oristano, Tortol\u00ec, Serramanna e Santadi.<\/p>\n<p>\"Siamo nell'imminenza di una doppia catastrofe, di un idrodisastro e di un eurodisastro: Abbanoa \u00e8 al precollasso e si avvia ad avere problemi ben pi\u00f9 seri di quelli denunciati in questi mesi\", ha detto il Presidente della Provincia di Nuoro Roberto Deriu, promotore della Associazione Liberiamo l'Acqua.<\/p>\n<p>\"Siamo preoccupati, per questo abbiamo invitato i cittadini a scrivere una cartolina al Presidente Cappellacci, perch\u00e9 si attivi per evitare questi disastri: Abbanoa \u00e8 come una diga che sta contenendo con fatica i suoi enormi debiti grazie al tamponamento regionale e non certo agli incassi dalle tariffe. Vediamo che la diga sta cominciando a cedere e sta per crollare. Da tempo \u2013 ha continuato Deriu \u2013 abbiamo sostenuto che le diseconomie causate da un ambito non ottimale come quello sardo non erano solo un fatto estetico ma un vero problema economico: ora siamo al disastro, che diventer\u00e0 economico, sociale e infrastrutturale. Il problema idrico sardo ha le sue particolarit\u00e0, e deve essere affrontato in tempi brevissimi per tentare di evitare un cataclisma di dimensioni inedite\".<\/p>\n<p>\"L'idromostro rappresenta la tragedia che vive la Sardegna \u2013 ha detto il Presidente dell'Associazione Paolo Sanna \u2013 e in migliaia hanno raccontato ai nostri banchetti il disagio ed i disservizi generati dal gestore costretto ad occuparsi di un ambito che non \u00e8 assolutamente ottimale. Abbiamo raccolto tremila firme che si sommano alle 22mila raccolte nei mesi scorsi: servono per premere sul consiglio regionale perch\u00e9 in tempi rapidissimi si arrivi all'approvazione della legge di riordino per la gestione del servizio idrico. Crediamo che la proposta di legge della giunta regionale non risolver\u00e0 i problemi ed anzi li acuir\u00e0 perch\u00e9 non prende in esame la dimensione degli ambiti e cristallizza la situazione attuale\".<\/p>\n<p>\"La nostra proposta di legge \u2013 ha spiegato Cesare Moriconi, consigliere regionale del Pd e primo firmatario della seconda proposta di legge sul riordino del servizio idrico - riporta il potere di indirizzo, ora in mano della Regione, in mano agli enti locali ed obbliga la giunta regionale ad incaricare un comitato tecnico per la definizione degli ambiti che dovranno essere ottimali da un punto di vista economico e non ideologico\". Com.<\/p>\n","protected":false},"excerpt":{"rendered":"<p>Si \u00e8 concluso a Cagliari l&#8217;Idromostro Tour, organizzato dalla Associazione &#8220;Liberiamo l&#8217;Acqua&#8221;, che ha toccato da sabato scorso Tempio, Porto Torres, Sassari, Nuoro, Oristano, Tortol\u00ec,&#8230;<\/p>\n","protected":false},"author":2,"featured_media":9387,"comment_status":"closed","ping_status":"closed","sticky":false,"template":"","format":"standard","meta":[],"categories":[49],"tags":[],"_links":{"self":[{"href":"https:\/\/www.cronacaonline.it\/index.php\/wp-json\/wp\/v2\/posts\/67722"}],"collection":[{"href":"https:\/\/www.cronacaonline.it\/index.php\/wp-json\/wp\/v2\/posts"}],"about":[{"href":"https:\/\/www.cronacaonline.it\/index.php\/wp-json\/wp\/v2\/types\/post"}],"author":[{"embeddable":true,"href":"https:\/\/www.cronacaonline.it\/index.php\/wp-json\/wp\/v2\/users\/2"}],"replies":[{"embeddable":true,"href":"https:\/\/www.cronacaonline.it\/index.php\/wp-json\/wp\/v2\/comments?post=67722"}],"version-history":[{"count":0,"href":"https:\/\/www.cronacaonline.it\/index.php\/wp-json\/wp\/v2\/posts\/67722\/revisions"}],"wp:featuredmedia":[{"embeddable":true,"href":"https:\/\/www.cronacaonline.it\/index.php\/wp-json\/"}],"wp:attachment":[{"href":"https:\/\/www.cronacaonline.it\/index.php\/wp-json\/wp\/v2\/media?parent=67722"}],"wp:term":[{"taxonomy":"category","embeddable":true,"href":"https:\/\/www.cronacaonline.it\/index.php\/wp-json\/wp\/v2\/categories?post=67722"},{"taxonomy":"post_tag","embeddable":true,"href":"https:\/\/www.cronacaonline.it\/index.php\/wp-json\/wp\/v2\/tags?post=67722"}],"curies":[{"name":"wp","href":"https:\/\/api.w.org\/{rel}","templated":true}]}}