{"id":67699,"date":"2011-05-10T00:00:00","date_gmt":"2011-05-09T22:00:00","guid":{"rendered":"http:\/\/www.cronacaonline.it\/public\/content\/index.php\/2011\/05\/10\/rosy-bindi-pd-a-cagliari-da-una-lezione-di-vera-politica-attacco-diretto-al-premier\/"},"modified":"2011-05-10T00:00:00","modified_gmt":"2011-05-09T22:00:00","slug":"rosy-bindi-pd-a-cagliari-da-una-lezione-di-vera-politica-attacco-diretto-al-premier","status":"publish","type":"post","link":"https:\/\/www.cronacaonline.it\/index.php\/2011\/05\/10\/rosy-bindi-pd-a-cagliari-da-una-lezione-di-vera-politica-attacco-diretto-al-premier\/","title":{"rendered":"Rosy Bindi (Pd) a Cagliari da una lezione di vera politica, attacco diretto al premier."},"content":{"rendered":"<p><SPAN style=\"LINE-HEIGHT: 115%; FONT-FAMILY: 'Verdana', 'sans-serif'; FONT-SIZE: 12pt\">Ieri a Cagliari \u00e8 giunta anche la vice presidente della Camera dei Deputati e presidente del Partito Democratico, Rosy Bindi, per sostenere il giovane e bravo candidato del centro sinistra, appena 35enne, Zedda, che pare abbia buone possibilit\u00e0 di andare al ballottaggio e qui anche di vincere affermandosi in modo forte e concreto e liberando cos\u00ec dal giogo delle tre m.m.m., (mattoni, medicina e massoneria) il capoluogo regionale.<\/SPAN><\/p>\n<p><SPAN class=apple-style-span><SPAN style=\"LINE-HEIGHT: 115%; FONT-FAMILY: 'Verdana', 'sans-serif'; FONT-SIZE: 12pt; mso-bidi-font-family: Arial\">L\u2019On. Bindo parte subito con un affondo su Berlusconi. ''Serve ancora commentare le sue esternazioni sulla giustizia? Penso \u2013 ha affermato la presidente del Pd - che gli italiani siano in grado di capire che ci troviamo di fronte ad una vera e propria patologia personale''. <\/SPAN><\/SPAN><\/p>\n<p><SPAN class=apple-style-span><SPAN style=\"LINE-HEIGHT: 115%; FONT-FAMILY: 'Verdana', 'sans-serif'; FONT-SIZE: 12pt; mso-bidi-font-family: Arial\">''Il cavaliere \u2013 ha ancora detto - si batte con proposte serie e non nelle aule giudiziarie''. Quanto alla Lega, secondo l'esponente del Pd \"\u00e8 in grande difficolt\u00e0 e dovr\u00e0 fare i conti con il suo elettorato che non ama essere sdraiato su Berlusconi\".<\/SPAN><\/SPAN><\/p>\n<p><SPAN class=apple-style-span><SPAN style=\"LINE-HEIGHT: 115%; FONT-FAMILY: 'Verdana', 'sans-serif'; FONT-SIZE: 12pt; mso-bidi-font-family: Arial\"><\/SPAN><\/SPAN><\/SPAN><\/p>\n","protected":false},"excerpt":{"rendered":"<p>Ieri a Cagliari \u00e8 giunta anche la vice presidente della Camera dei Deputati e presidente del Partito Democratico, Rosy Bindi, per sostenere il giovane e&#8230;<\/p>\n","protected":false},"author":2,"featured_media":0,"comment_status":"closed","ping_status":"closed","sticky":false,"template":"","format":"standard","meta":[],"categories":[49],"tags":[],"_links":{"self":[{"href":"https:\/\/www.cronacaonline.it\/index.php\/wp-json\/wp\/v2\/posts\/67699"}],"collection":[{"href":"https:\/\/www.cronacaonline.it\/index.php\/wp-json\/wp\/v2\/posts"}],"about":[{"href":"https:\/\/www.cronacaonline.it\/index.php\/wp-json\/wp\/v2\/types\/post"}],"author":[{"embeddable":true,"href":"https:\/\/www.cronacaonline.it\/index.php\/wp-json\/wp\/v2\/users\/2"}],"replies":[{"embeddable":true,"href":"https:\/\/www.cronacaonline.it\/index.php\/wp-json\/wp\/v2\/comments?post=67699"}],"version-history":[{"count":0,"href":"https:\/\/www.cronacaonline.it\/index.php\/wp-json\/wp\/v2\/posts\/67699\/revisions"}],"wp:attachment":[{"href":"https:\/\/www.cronacaonline.it\/index.php\/wp-json\/wp\/v2\/media?parent=67699"}],"wp:term":[{"taxonomy":"category","embeddable":true,"href":"https:\/\/www.cronacaonline.it\/index.php\/wp-json\/wp\/v2\/categories?post=67699"},{"taxonomy":"post_tag","embeddable":true,"href":"https:\/\/www.cronacaonline.it\/index.php\/wp-json\/wp\/v2\/tags?post=67699"}],"curies":[{"name":"wp","href":"https:\/\/api.w.org\/{rel}","templated":true}]}}