{"id":67676,"date":"2011-05-10T00:00:00","date_gmt":"2011-05-09T22:00:00","guid":{"rendered":"http:\/\/www.cronacaonline.it\/public\/content\/index.php\/2011\/05\/10\/colpito-il-bunker-di-gheddafi-a-tripoli\/"},"modified":"2011-05-10T00:00:00","modified_gmt":"2011-05-09T22:00:00","slug":"colpito-il-bunker-di-gheddafi-a-tripoli","status":"publish","type":"post","link":"https:\/\/www.cronacaonline.it\/index.php\/2011\/05\/10\/colpito-il-bunker-di-gheddafi-a-tripoli\/","title":{"rendered":"Colpito il bunker di Gheddafi a Tripoli"},"content":{"rendered":"<p><SPAN style=\"LINE-HEIGHT: 115%; FONT-FAMILY: 'Verdana', 'sans-serif'; FONT-SIZE: 12pt; mso-fareast-font-family: 'Times New Roman'\">Durante la notte \u00e8 stato ancora un susseguirsi di raid aerei. Infatti,&nbsp;ne sono stati effettuati, ben&nbsp;otto, nell'arco di tre ore ed hanno avuto come bersaglio Tripoli e qui i missili della Nato hanno colpito il bunker di Gheddafi. <\/SPAN><\/p>\n<p><SPAN style=\"LINE-HEIGHT: 115%; FONT-FAMILY: 'Verdana', 'sans-serif'; FONT-SIZE: 12pt; mso-fareast-font-family: 'Times New Roman'\">Secondo funzionari libici, almeno quattro bambini sarebbero rimasti feriti, di cui due in modo grave. Tra gli obiettivi colpiti ci sarebbero il bunker di Gheddafi, la sede di un'agenzia di spionaggio e un edificio coloniale gi\u00e0 bombardato il 30 aprile scorso sede dell'alta commissione per l'infanzia, stando a quanto riferito da una fonte ufficiale libica.<SPAN style=\"WIDOWS: 2; TEXT-TRANSFORM: none; TEXT-INDENT: 0px; BORDER-COLLAPSE: separate; FONT: 16px 'Times New Roman'; WHITE-SPACE: normal; ORPHANS: 2; LETTER-SPACING: normal; COLOR: rgb(0,0,0); WORD-SPACING: 0px; -webkit-border-horizontal-spacing: 0px; -webkit-border-vertical-spacing: 0px; -webkit-text-decorations-in-effect: none; -webkit-text-size-adjust: auto; -webkit-text-stroke-width: 0px\" class=Apple-style-span><SPAN style=\"LINE-HEIGHT: 21px; FONT-FAMILY: Georgia, Palatino, serif; COLOR: rgb(70,70,70); FONT-SIZE: 14px\" class=Apple-style-span>a<SPAN class=Apple-converted-space>&nbsp;<\/SPAN>Nato \u00abnon ha alcuna prova\u00bb che Gheddafi sia ancora vivo. Lo ha detto il brigadiere generale Claudio Gabellini, rispondendo a domande di giornalisti in un incontro stampa a Napoli, dopo che otto raid aerei notturni nell'arco di tre ore hanno avuto come bersaglio Tripoli e in particolare il bunker del Ra\u00ecs. Secondo funzionari libici, almeno quattro bambini sarebbero rimasti feriti, di cui due in modo grave. <\/SPAN><\/SPAN><\/SPAN><\/p>\n<p><SPAN style=\"LINE-HEIGHT: 115%; FONT-FAMILY: 'Verdana', 'sans-serif'; FONT-SIZE: 12pt; mso-fareast-font-family: 'Times New Roman'\"><SPAN style=\"WIDOWS: 2; TEXT-TRANSFORM: none; TEXT-INDENT: 0px; BORDER-COLLAPSE: separate; FONT: 16px 'Times New Roman'; WHITE-SPACE: normal; ORPHANS: 2; LETTER-SPACING: normal; COLOR: rgb(0,0,0); WORD-SPACING: 0px; -webkit-border-horizontal-spacing: 0px; -webkit-border-vertical-spacing: 0px; -webkit-text-decorations-in-effect: none; -webkit-text-size-adjust: auto; -webkit-text-stroke-width: 0px\" class=Apple-style-span><SPAN style=\"LINE-HEIGHT: 21px; FONT-FAMILY: Georgia, Palatino, serif; COLOR: rgb(70,70,70); FONT-SIZE: 14px\" class=Apple-style-span>Tra gli obiettivi colpiti, oltre al bunker di Gheddafi, ci sono la sede di un'agenzia di spionaggio e un edificio coloniale gi\u00e0 bombardato il 30 aprile scorso sede dell'alta commissione per l'infanzia, stando a quanto riferito da una fonte ufficiale libica. Nella tarda serata di luned\u00ec altri testimoni avevano riferito di due esplosioni contro la televisione di Stato e l'agenzia ufficiale Jana. \u00c8 stato mostrato ai giornalisti stranieri un ospedale dove alcune finestre sono finite in frantumi a causa dell'onda d'urto di un attacco contro su una vicina torre per le comunicazioni.<\/SPAN><\/SPAN><\/SPAN><\/p>\n<p><SPAN style=\"LINE-HEIGHT: 115%; FONT-FAMILY: 'Verdana', 'sans-serif'; FONT-SIZE: 12pt; mso-fareast-font-family: 'Times New Roman'\"><SPAN style=\"WIDOWS: 2; TEXT-TRANSFORM: none; TEXT-INDENT: 0px; BORDER-COLLAPSE: separate; FONT: 16px 'Times New Roman'; WHITE-SPACE: normal; ORPHANS: 2; LETTER-SPACING: normal; COLOR: rgb(0,0,0); WORD-SPACING: 0px; -webkit-border-horizontal-spacing: 0px; -webkit-border-vertical-spacing: 0px; -webkit-text-decorations-in-effect: none; -webkit-text-size-adjust: auto; -webkit-text-stroke-width: 0px\" class=Apple-style-span><SPAN style=\"LINE-HEIGHT: 21px; FONT-FAMILY: Georgia, Palatino, serif; COLOR: rgb(70,70,70); FONT-SIZE: 14px\" class=Apple-style-span><SPAN style=\"WIDOWS: 2; TEXT-TRANSFORM: none; TEXT-INDENT: 0px; BORDER-COLLAPSE: separate; FONT: 16px 'Times New Roman'; WHITE-SPACE: normal; ORPHANS: 2; LETTER-SPACING: normal; COLOR: rgb(0,0,0); WORD-SPACING: 0px; -webkit-border-horizontal-spacing: 0px; -webkit-border-vertical-spacing: 0px; -webkit-text-decorations-in-effect: none; -webkit-text-size-adjust: auto; -webkit-text-stroke-width: 0px\" class=Apple-style-span><SPAN style=\"LINE-HEIGHT: 21px; FONT-FAMILY: Georgia, Palatino, serif; COLOR: rgb(70,70,70); FONT-SIZE: 14px\" class=Apple-style-span>I raid sono stati lanciati all'indomani della dichiarazione del segretario generale della Nato, Anders Fogh Rasmussen, secondo cui per Gheddafi \u00abla partita \u00e8 finita: non c'\u00e8 futuro per lui o per il suo regime\u00bb. Luned\u00ec secondo i ribelli di Bengasi la Nato ha bombardato per quattro volte depositi di armi a circa 30 chilometri a sud-est di Zintan. Un portavoce ribelle ha detto che gli aerei hanno colpito anche intorno a Tamina e Chantine, a est di Misurata. Secondo la Nato, per\u00f2, non si tratta di un incremento della campagna degli alleati, ma la volont\u00e0 di mantenere alta la pressione sul regime di Gheddafi per minare la sua capacit\u00e0 di colpire la popolazione civile. Lo ha rilevato Carmen Romero, portavoce Nato. \u00abContinuiamo ad applicare la stessa strategia: ridurre il pi\u00f9 possibile la capacit\u00e0 del regime di colpire i civili\u00bb. La portavoce ha ribadito che la Nato ha solo obiettivi militari e tra questi non vi sono individui specifici.<\/SPAN><\/SPAN><\/SPAN><\/SPAN><\/SPAN><\/p>\n<p><SPAN style=\"LINE-HEIGHT: 115%; FONT-FAMILY: 'Verdana', 'sans-serif'; FONT-SIZE: 12pt; mso-fareast-font-family: 'Times New Roman'\"><SPAN style=\"WIDOWS: 2; TEXT-TRANSFORM: none; TEXT-INDENT: 0px; BORDER-COLLAPSE: separate; FONT: 16px 'Times New Roman'; WHITE-SPACE: normal; ORPHANS: 2; LETTER-SPACING: normal; COLOR: rgb(0,0,0); WORD-SPACING: 0px; -webkit-border-horizontal-spacing: 0px; -webkit-border-vertical-spacing: 0px; -webkit-text-decorations-in-effect: none; -webkit-text-size-adjust: auto; -webkit-text-stroke-width: 0px\" class=Apple-style-span><SPAN style=\"LINE-HEIGHT: 21px; FONT-FAMILY: Georgia, Palatino, serif; COLOR: rgb(70,70,70); FONT-SIZE: 14px\" class=Apple-style-span><SPAN style=\"WIDOWS: 2; TEXT-TRANSFORM: none; TEXT-INDENT: 0px; BORDER-COLLAPSE: separate; FONT: 16px 'Times New Roman'; WHITE-SPACE: normal; ORPHANS: 2; LETTER-SPACING: normal; COLOR: rgb(0,0,0); WORD-SPACING: 0px; -webkit-border-horizontal-spacing: 0px; -webkit-border-vertical-spacing: 0px; -webkit-text-decorations-in-effect: none; -webkit-text-size-adjust: auto; -webkit-text-stroke-width: 0px\" class=Apple-style-span><SPAN style=\"LINE-HEIGHT: 21px; FONT-FAMILY: Georgia, Palatino, serif; COLOR: rgb(70,70,70); FONT-SIZE: 14px\" class=Apple-style-span><SPAN style=\"WIDOWS: 2; TEXT-TRANSFORM: none; TEXT-INDENT: 0px; BORDER-COLLAPSE: separate; FONT: 16px 'Times New Roman'; WHITE-SPACE: normal; ORPHANS: 2; LETTER-SPACING: normal; COLOR: rgb(0,0,0); WORD-SPACING: 0px; -webkit-border-horizontal-spacing: 0px; -webkit-border-vertical-spacing: 0px; -webkit-text-decorations-in-effect: none; -webkit-text-size-adjust: auto; -webkit-text-stroke-width: 0px\" class=Apple-style-span><SPAN style=\"LINE-HEIGHT: 21px; FONT-FAMILY: Georgia, Palatino, serif; COLOR: rgb(70,70,70); FONT-SIZE: 14px\" class=Apple-style-span>Secondo fonti locali non confermate n\u00e9 da giornalisti indipendenti sul luogo n\u00e9 da Al Jazeera, ma riprese da Al Arabiya, la rivolta sarebbbe giunta alla periferia di Tripoli. A guidare gli insorti sarebbero alcuni ufficiali disertori che hanno ingaggiato uno scontro con i lealisti. Un funzionario del governo ha smentito: \u00abQui \u00e8 tutto pacifico\u00bb. Gli insorti sono avanzati di una quindicina di chilometri a ovest di Misurata, avvicinandosi a Zintan. Secondo l'ex colonnello Haj Mohammad, capo delle operazioni sul fronte a ovest di Misurata, molto dipender\u00e0 dall'efficacia dei bombardamenti della Nato: \u00abSe fanno il loro lavoro, noi faremo il nostro\u00bb.<\/SPAN><\/SPAN><\/SPAN><\/SPAN><\/SPAN><\/SPAN><\/SPAN><\/p>\n","protected":false},"excerpt":{"rendered":"<p>Durante la notte \u00e8 stato ancora un susseguirsi di raid aerei. Infatti,&nbsp;ne sono stati effettuati, ben&nbsp;otto, nell&#8217;arco di tre ore ed hanno avuto come bersaglio&#8230;<\/p>\n","protected":false},"author":2,"featured_media":9426,"comment_status":"closed","ping_status":"closed","sticky":false,"template":"","format":"standard","meta":[],"categories":[49],"tags":[],"_links":{"self":[{"href":"https:\/\/www.cronacaonline.it\/index.php\/wp-json\/wp\/v2\/posts\/67676"}],"collection":[{"href":"https:\/\/www.cronacaonline.it\/index.php\/wp-json\/wp\/v2\/posts"}],"about":[{"href":"https:\/\/www.cronacaonline.it\/index.php\/wp-json\/wp\/v2\/types\/post"}],"author":[{"embeddable":true,"href":"https:\/\/www.cronacaonline.it\/index.php\/wp-json\/wp\/v2\/users\/2"}],"replies":[{"embeddable":true,"href":"https:\/\/www.cronacaonline.it\/index.php\/wp-json\/wp\/v2\/comments?post=67676"}],"version-history":[{"count":0,"href":"https:\/\/www.cronacaonline.it\/index.php\/wp-json\/wp\/v2\/posts\/67676\/revisions"}],"wp:featuredmedia":[{"embeddable":true,"href":"https:\/\/www.cronacaonline.it\/index.php\/wp-json\/"}],"wp:attachment":[{"href":"https:\/\/www.cronacaonline.it\/index.php\/wp-json\/wp\/v2\/media?parent=67676"}],"wp:term":[{"taxonomy":"category","embeddable":true,"href":"https:\/\/www.cronacaonline.it\/index.php\/wp-json\/wp\/v2\/categories?post=67676"},{"taxonomy":"post_tag","embeddable":true,"href":"https:\/\/www.cronacaonline.it\/index.php\/wp-json\/wp\/v2\/tags?post=67676"}],"curies":[{"name":"wp","href":"https:\/\/api.w.org\/{rel}","templated":true}]}}