{"id":67659,"date":"2011-05-02T00:00:00","date_gmt":"2011-05-01T22:00:00","guid":{"rendered":"http:\/\/www.cronacaonline.it\/public\/content\/index.php\/2011\/05\/02\/nuovo-discorso-del-presidente-americano\/"},"modified":"2011-05-02T00:00:00","modified_gmt":"2011-05-01T22:00:00","slug":"nuovo-discorso-del-presidente-americano","status":"publish","type":"post","link":"https:\/\/www.cronacaonline.it\/index.php\/2011\/05\/02\/nuovo-discorso-del-presidente-americano\/","title":{"rendered":"Nuovo discorso del presidente americano"},"content":{"rendered":"<p><SPAN style=\"LINE-HEIGHT: 115%; FONT-FAMILY: 'Verdana', 'sans-serif'; COLOR: black; FONT-SIZE: 12pt; mso-fareast-font-family: 'Times New Roman'; mso-bidi-font-family: Arial\">Dopo la morte di Bin Laden \"il mondo sar\u00e0 un posto\" migliore. Lo ha detto Barack Obama parlando alla Nazione dalla Casa Bianca. \u201c\u00c8 stato un bel giorno per il Paese\", ha esordito il presidente americano, aggiungendo che gli Usa \"hanno mantenuto l'impegno per dimostrare che giustizia \u00e8 stata fatta\".<\/SPAN><\/p>\n<p><SPAN style=\"LINE-HEIGHT: 115%; FONT-FAMILY: 'Verdana', 'sans-serif'; COLOR: black; FONT-SIZE: 12pt; mso-fareast-font-family: 'Times New Roman'; mso-bidi-font-family: Arial\">Le forze speciali americane erano pronte a catturare Bin Laden vivo se il leader di Al Qaeda si fosse arreso durante il blitz in cui \u00e8 rimasto ucciso. Lo ha riferito una fonte ufficiale americana anonima.<\/SPAN><\/p>\n<p><SPAN style=\"LINE-HEIGHT: 115%; FONT-FAMILY: 'Verdana', 'sans-serif'; COLOR: black; FONT-SIZE: 12pt; mso-fareast-font-family: 'Times New Roman'; mso-bidi-font-family: Arial\">Nessun prigioniero \u00e8 stato catturato nel blitz delle forze speciali americane in cui \u00e8 rimasto ucciso Osama Bin Laden. Lo ha precisato una fonte del<BR>governo Usa, smentendo le notizie circolate sulla cattura di due mogli e quattro figli dello Sceicco del terrore.<\/SPAN><\/p>\n<p><SPAN style=\"LINE-HEIGHT: 115%; FONT-FAMILY: 'Verdana', 'sans-serif'; COLOR: black; FONT-SIZE: 12pt; mso-fareast-font-family: 'Times New Roman'; mso-bidi-font-family: Arial\">Nel nascondiglio di Bin Laden \u00e8 stata trovata una grande quantit\u00e0 di materiale che \u00e8 ora al vaglio della Cia. Lo ha riferito una fonte dell'intelligence americana.<\/SPAN><\/p>\n<p><SPAN style=\"LINE-HEIGHT: 115%; FONT-FAMILY: 'Verdana', 'sans-serif'; COLOR: black; FONT-SIZE: 12pt; mso-fareast-font-family: 'Times New Roman'; mso-bidi-font-family: Arial\">\"Come comandante in capo delle forze armate non potrei essere pi\u00f9 orgoglioso di uomini e donne che indossano l'uniforme dell'esercito americano, e questo F vero per tutte le guerre che abbiamo combattuto\". Lo ha detto il presidente degli Stati Uniti Barack Obama, parlando a Washington in seguito all'uccisione del numero uno di al-Qaeda.<\/SPAN><\/p>\n<p><SPAN style=\"LINE-HEIGHT: 115%; FONT-FAMILY: 'Verdana', 'sans-serif'; COLOR: black; FONT-SIZE: 12pt; mso-fareast-font-family: 'Times New Roman'; mso-bidi-font-family: Arial\">Nel celebrare l'uccisione del leader di al Qaeda Osama Bin Laden, il presidente degli Usa Barack Obama ha ringraziato pubblicamente il segretario di Stato alla Difesa, Robert Gates. \"Uno dei migliori della nazione\", ha detto Obama parlando del ministro nominato responsabile della Difesa dall'ex presidente George W. Bush.<\/SPAN><\/p>\n","protected":false},"excerpt":{"rendered":"<p>Dopo la morte di Bin Laden &#8220;il mondo sar\u00e0 un posto&#8221; migliore. Lo ha detto Barack Obama parlando alla Nazione dalla Casa Bianca. \u201c\u00c8 stato&#8230;<\/p>\n","protected":false},"author":2,"featured_media":9485,"comment_status":"closed","ping_status":"closed","sticky":false,"template":"","format":"standard","meta":[],"categories":[49],"tags":[],"_links":{"self":[{"href":"https:\/\/www.cronacaonline.it\/index.php\/wp-json\/wp\/v2\/posts\/67659"}],"collection":[{"href":"https:\/\/www.cronacaonline.it\/index.php\/wp-json\/wp\/v2\/posts"}],"about":[{"href":"https:\/\/www.cronacaonline.it\/index.php\/wp-json\/wp\/v2\/types\/post"}],"author":[{"embeddable":true,"href":"https:\/\/www.cronacaonline.it\/index.php\/wp-json\/wp\/v2\/users\/2"}],"replies":[{"embeddable":true,"href":"https:\/\/www.cronacaonline.it\/index.php\/wp-json\/wp\/v2\/comments?post=67659"}],"version-history":[{"count":0,"href":"https:\/\/www.cronacaonline.it\/index.php\/wp-json\/wp\/v2\/posts\/67659\/revisions"}],"wp:featuredmedia":[{"embeddable":true,"href":"https:\/\/www.cronacaonline.it\/index.php\/wp-json\/"}],"wp:attachment":[{"href":"https:\/\/www.cronacaonline.it\/index.php\/wp-json\/wp\/v2\/media?parent=67659"}],"wp:term":[{"taxonomy":"category","embeddable":true,"href":"https:\/\/www.cronacaonline.it\/index.php\/wp-json\/wp\/v2\/categories?post=67659"},{"taxonomy":"post_tag","embeddable":true,"href":"https:\/\/www.cronacaonline.it\/index.php\/wp-json\/wp\/v2\/tags?post=67659"}],"curies":[{"name":"wp","href":"https:\/\/api.w.org\/{rel}","templated":true}]}}