{"id":67628,"date":"2011-05-21T00:00:00","date_gmt":"2011-05-20T22:00:00","guid":{"rendered":"http:\/\/www.cronacaonline.it\/public\/content\/index.php\/2011\/05\/21\/conferenza-stampa-di-presentazione-del-progetto-di-tutela-della-lingua-sarda\/"},"modified":"2011-05-21T00:00:00","modified_gmt":"2011-05-20T22:00:00","slug":"conferenza-stampa-di-presentazione-del-progetto-di-tutela-della-lingua-sarda","status":"publish","type":"post","link":"https:\/\/www.cronacaonline.it\/index.php\/2011\/05\/21\/conferenza-stampa-di-presentazione-del-progetto-di-tutela-della-lingua-sarda\/","title":{"rendered":"Conferenza stampa di presentazione del \u201cProgetto di tutela della lingua sarda\u201d"},"content":{"rendered":"<p><I style=\"mso-bidi-font-style: normal\"><SPAN style=\"LINE-HEIGHT: 115%; FONT-SIZE: 16pt\"><FONT face=\"\">Luned\u00ec 23, alle 11.00, nella sala conferenze del palazzo della Provincia di Olbia Tempio, in<SPAN style=\"mso-spacerun: yes\">&nbsp; <\/SPAN>via Nanni 41, al secondo piano.<\/FONT><\/SPAN><\/I><\/p>\n<p><SPAN style=\"LINE-HEIGHT: 115%; FONT-SIZE: 14pt\"><FONT face=\"\">Il \u201cProgetto di tutela delle minoranze linguistiche storiche della Provincia di Olbia Tempio\u201d, del quale l\u2019ente territoriale di via Nanni \u00e8 capofila insieme ad un folto gruppo di Comuni, sar\u00e0 presentato ai sindaci coinvolti e ai giornalisti, luned\u00ec 23 maggio, alle 11.00, nella sala conferenze, al secondo piano.<\/FONT><\/SPAN><\/p>\n<p><SPAN style=\"LINE-HEIGHT: 115%; FONT-SIZE: 14pt\"><FONT face=\"\">Il presidente della Provincia Fedele Sanciu e l\u2019assessore alla Pubblica Istruzione Giovanni Pileri illustreranno il programma e le sue varie articolazioni, in particolare<SPAN style=\"mso-spacerun: yes\">&nbsp; <\/SPAN>l\u2019avvio delle attivit\u00e0 dello sportello linguistico itinerante e dei corsi di formazione in L.S.C. (<I style=\"mso-bidi-font-style: normal\">Limba Sarda Comuna<\/I>), che verranno realizzati<SPAN style=\"mso-spacerun: yes\">&nbsp; <\/SPAN>negli otto mesi di durata del progetto. <\/FONT><\/SPAN><\/p>\n<p><SPAN style=\"LINE-HEIGHT: 115%; FONT-SIZE: 14pt\"><FONT face=\"\">Saranno presenti i<SPAN style=\"mso-spacerun: yes\">&nbsp; <\/SPAN>sindaci e i rappresentanti dei comuni di Al\u00e0 dei Sardi, Badesi, Berchidda, Buddus\u00f2, Budoni, Golfo Aranci,Luogosanto, Monti, Padru, S.Antonio di Gallura, S.Teresa di Gallura, S.Teodoro<SPAN style=\"mso-spacerun: yes\">&nbsp; <\/SPAN>e Tempio Pausania. Red<\/FONT><\/SPAN><\/p>\n<p><SPAN style=\"LINE-HEIGHT: 115%; FONT-SIZE: 14pt\"><FONT face=\"\"><\/FONT><\/SPAN>&nbsp;<\/p>\n<p><SPAN style=\"LINE-HEIGHT: 115%; FONT-SIZE: 14pt\"><FONT face=\"\"><\/FONT><\/SPAN>&nbsp;<\/p>\n","protected":false},"excerpt":{"rendered":"<p>Luned\u00ec 23, alle 11.00, nella sala conferenze del palazzo della Provincia di Olbia Tempio, in&nbsp; via Nanni 41, al secondo piano. Il \u201cProgetto di tutela&#8230;<\/p>\n","protected":false},"author":2,"featured_media":0,"comment_status":"closed","ping_status":"closed","sticky":false,"template":"","format":"standard","meta":[],"categories":[49],"tags":[],"_links":{"self":[{"href":"https:\/\/www.cronacaonline.it\/index.php\/wp-json\/wp\/v2\/posts\/67628"}],"collection":[{"href":"https:\/\/www.cronacaonline.it\/index.php\/wp-json\/wp\/v2\/posts"}],"about":[{"href":"https:\/\/www.cronacaonline.it\/index.php\/wp-json\/wp\/v2\/types\/post"}],"author":[{"embeddable":true,"href":"https:\/\/www.cronacaonline.it\/index.php\/wp-json\/wp\/v2\/users\/2"}],"replies":[{"embeddable":true,"href":"https:\/\/www.cronacaonline.it\/index.php\/wp-json\/wp\/v2\/comments?post=67628"}],"version-history":[{"count":0,"href":"https:\/\/www.cronacaonline.it\/index.php\/wp-json\/wp\/v2\/posts\/67628\/revisions"}],"wp:attachment":[{"href":"https:\/\/www.cronacaonline.it\/index.php\/wp-json\/wp\/v2\/media?parent=67628"}],"wp:term":[{"taxonomy":"category","embeddable":true,"href":"https:\/\/www.cronacaonline.it\/index.php\/wp-json\/wp\/v2\/categories?post=67628"},{"taxonomy":"post_tag","embeddable":true,"href":"https:\/\/www.cronacaonline.it\/index.php\/wp-json\/wp\/v2\/tags?post=67628"}],"curies":[{"name":"wp","href":"https:\/\/api.w.org\/{rel}","templated":true}]}}