{"id":67624,"date":"2011-05-11T00:00:00","date_gmt":"2011-05-10T22:00:00","guid":{"rendered":"http:\/\/www.cronacaonline.it\/public\/content\/index.php\/2011\/05\/11\/i-liberatori-libici-conquistano-laeroporto-di-misurata\/"},"modified":"2011-05-11T00:00:00","modified_gmt":"2011-05-10T22:00:00","slug":"i-liberatori-libici-conquistano-laeroporto-di-misurata","status":"publish","type":"post","link":"https:\/\/www.cronacaonline.it\/index.php\/2011\/05\/11\/i-liberatori-libici-conquistano-laeroporto-di-misurata\/","title":{"rendered":"I liberatori libici conquistano l&#8217;aeroporto di Misurata"},"content":{"rendered":"<p>Dopo giorni di feroci combattimenti, i ribelli libici sono riusciti ad assumere il controllo dello strategico aeroporto di Misurata, strappandolo alle forze fedeli al regime: lo hanno riferito fonti giornalistiche presenti alla battaglia, secondo cui gli insorti hanno conquistato lo scalo pezzo per pezzo, impadronendosi dapprima di un carcere sistemato all'interno del complesso, utilizzato per fare fuoco sugli avversari da una posizione di maggiore vantaggio, e poi del mercato africano compreso anch'esso nel perimetro aeroportuale.<\/p>\n<p>A quel punto i governativi si sono ritrovati intrappolati, tranne che sul lato meridionale della struttura, attraverso il quale si sono ritirati, lasciando dietro di s\u00e8 numerosi carri armati in fiamme. La notizia della presa dell'aeroporto&nbsp;\u00e8 stata accolta con scene di esultanza nella citt\u00e0-simbolo della resistenza contro Muammar Gheddafi, di cui soltanto ieri era stato rotto l'assedio dopo oltre due mesi: centinaia di rivoltosi, ma anche comuni cittadini, si sono riversati nella strade per celebrare l'importantissimo successo militare.&nbsp;<\/p>\n<p>S'infittisce sempre di pi\u00f9 il mistero sulla sorte di Muammar Gheddafi, che non&nbsp;\u00e8 pi\u00f9 stato visto in pubblico dal 30 aprile scorso, quando un bombardamento aereo della Nato provoc\u00f2 la morte di Saif el-Arab, penultimogenito del leader libico, e di tre dei suoi nipotini. Stando a quanto riferito sulla pagina Facebook dei ribelli, 'Intifada del 17 Febbraio', Gheddafi avrebbe lasciato Tripoli e si nasconderebbe attualmente al sud, in pieno deserto. La notizia non ha naturalmente trovato riscontri da fonti indipendenti, ma&nbsp;\u00e8 un fatto che dal giorno del raid il colonnello, che pare si trovasse effettivamente nell'abitazione del figlio ucciso, sembra sparito nel nulla: non and\u00f2 neppure al funerale di Saif.<\/p>\n<p>Di non sapere nulla di lui&nbsp;\u00e8 stato ribadito in giornata da due diverse figure del governo italiano, Franco Frattini e Ignazio la Russa: tanto il ministro degli Esteri quanto il titolare della Difesa hanno ripetuto separatamente di \"non avere alcuna idea\" n\u00e8 \"notizia\" sulla sua sorte, insistendo poi che un'eventuale eliminazione di Gheddafi non costituisce l'obiettivo della spedizione multinazionale guidata dalla Nato, l'operazione 'Unified Protector'.<\/p>\n<p>Nello stesso senso si erano del resto espressi sia la numero due dell'ufficio stampa alleato, Carmen Romero, sia ieri il generale italiano Claudio Gabellini, responsabile della pianificazione operativa della missione atlantica in Libia. La stessa Francia, per bocca del portavoce del ministero degli Esteri, Bernard Valero, ha a propria volta escluso di disporre di informazioni sulla \"situazione personale\" del colonnello.<\/p>\n<p>Sul campo nel frattempo si&nbsp;\u00e8 registrato un importante successo militare degli insorti, che non soltanto hanno rotto dopo oltre due mesi l'assedio di Misurata, citt\u00e0 -simbolo della resistenza e loro principale roccaforte in Tripolitania, ma hanno anche assunto il pieno controllo dell'aeroporto, dopo avervi in precedenza intrappolato le forze governative.<\/p>\n<p>In mattinata la stessa capitale libica era stata sottoposta a nuovi, pesanti bombardamenti aerei: colpita in particolare la parte orientale della citt\u00e0. La situazione negli ultimi giorni appare dunque essersi almeno in parte girata a sfavore delle truppe governative, e a questo punto potrebbe essere meno difficile arrivare al cessate-il-fuoco sollecitato oggi dal segretario generale delle Nazioni Unite, Ban Ki-moon, che ha anche intimato di porre fine agli attacchi contro i civili.<\/p>\n<p>L'Unione Europea ha annunciato che aprir\u00e0 a Bengasi un uffico di rappresentanza, cos\u00ec da poter meglio prestare assistenza ai ribelli libici e al loro governo-ombra, il Consiglio Nazionale Transitorio. Lady Catherine Ashton, alto rappresentante per la politica estera e di sicurezza comune dei Ventisette, intervenendo davanti all'EuroParlamento di Strasburgo ha affermato che l'Ue \"intende contribuire alla costruzione di una piena democrazia\" in Libia.<\/p>\n","protected":false},"excerpt":{"rendered":"<p>Dopo giorni di feroci combattimenti, i ribelli libici sono riusciti ad assumere il controllo dello strategico aeroporto di Misurata, strappandolo alle forze fedeli al regime:&#8230;<\/p>\n","protected":false},"author":2,"featured_media":9476,"comment_status":"closed","ping_status":"closed","sticky":false,"template":"","format":"standard","meta":[],"categories":[49],"tags":[],"_links":{"self":[{"href":"https:\/\/www.cronacaonline.it\/index.php\/wp-json\/wp\/v2\/posts\/67624"}],"collection":[{"href":"https:\/\/www.cronacaonline.it\/index.php\/wp-json\/wp\/v2\/posts"}],"about":[{"href":"https:\/\/www.cronacaonline.it\/index.php\/wp-json\/wp\/v2\/types\/post"}],"author":[{"embeddable":true,"href":"https:\/\/www.cronacaonline.it\/index.php\/wp-json\/wp\/v2\/users\/2"}],"replies":[{"embeddable":true,"href":"https:\/\/www.cronacaonline.it\/index.php\/wp-json\/wp\/v2\/comments?post=67624"}],"version-history":[{"count":0,"href":"https:\/\/www.cronacaonline.it\/index.php\/wp-json\/wp\/v2\/posts\/67624\/revisions"}],"wp:featuredmedia":[{"embeddable":true,"href":"https:\/\/www.cronacaonline.it\/index.php\/wp-json\/"}],"wp:attachment":[{"href":"https:\/\/www.cronacaonline.it\/index.php\/wp-json\/wp\/v2\/media?parent=67624"}],"wp:term":[{"taxonomy":"category","embeddable":true,"href":"https:\/\/www.cronacaonline.it\/index.php\/wp-json\/wp\/v2\/categories?post=67624"},{"taxonomy":"post_tag","embeddable":true,"href":"https:\/\/www.cronacaonline.it\/index.php\/wp-json\/wp\/v2\/tags?post=67624"}],"curies":[{"name":"wp","href":"https:\/\/api.w.org\/{rel}","templated":true}]}}