{"id":67608,"date":"2011-05-04T00:00:00","date_gmt":"2011-05-03T22:00:00","guid":{"rendered":"http:\/\/www.cronacaonline.it\/public\/content\/index.php\/2011\/05\/04\/cagliari-motore-dello-sviluppo-confindustria-sardegna-meridionale-incontra-il-candidato-alla-carica-di-sindaco-di-cagliari-massimo-fantola\/"},"modified":"2011-05-04T00:00:00","modified_gmt":"2011-05-03T22:00:00","slug":"cagliari-motore-dello-sviluppo-confindustria-sardegna-meridionale-incontra-il-candidato-alla-carica-di-sindaco-di-cagliari-massimo-fantola","status":"publish","type":"post","link":"https:\/\/www.cronacaonline.it\/index.php\/2011\/05\/04\/cagliari-motore-dello-sviluppo-confindustria-sardegna-meridionale-incontra-il-candidato-alla-carica-di-sindaco-di-cagliari-massimo-fantola\/","title":{"rendered":"Cagliari motore dello sviluppo:  Confindustria Sardegna meridionale incontra il candidato alla carica di sindaco di Cagliari, massimo Fantola."},"content":{"rendered":"<p><SPAN style=\"LINE-HEIGHT: 115%; FONT-FAMILY: 'Verdana', 'sans-serif'; FONT-SIZE: 12pt\">Il ruolo di Cagliari come motore di sviluppo economico dell\u2019area vasta e dell\u2019intera Sardegna. Questo il tema centrale del dibattito, svoltosi ieri a Cagliari, presso la sede della Confindustria Sardegna Meridionale, tra i vertici dell'Associazione ed il candidato alla carica di Sindaco della citt\u00e0, Massimo Fantola.<\/SPAN><\/p>\n<p><SPAN style=\"LINE-HEIGHT: 115%; FONT-FAMILY: 'Verdana', 'sans-serif'; FONT-SIZE: 12pt\">Nel corso dell\u2019incontro, il primo di una serie che l\u2019Associazione organizza in vista della prossima tornata elettorale, sono stati approfonditi i principali temi riguardanti la vita economica e sociale della citt\u00e0.<\/SPAN><\/p>\n<p><SPAN style=\"LINE-HEIGHT: 115%; FONT-FAMILY: 'Verdana', 'sans-serif'; FONT-SIZE: 12pt\">Temi sintetizzati come segue dal Presidente degli Industriali, <st1:PersonName w:st=\"on\">Alberto Scanu<\/st1:PersonName>: ruolo di Cagliari nel contesto dell\u2019area metropolitana; sua funzione nell\u2019ambito della regione e sua proiezione in ambito internazionale; problematiche delle infrastrutture portuali ed aeroportuali; rilancio dei settori produttivi; polo universitario e della cultura; valorizzazione del patrimonio ambientale; innovazione tecnologica, sviluppo sostenibile e green economy; urbanistica; funzionamento dell\u2019apparato burocratico e semplificazione delle procedure; sviluppo turistico; viabilit\u00e0 e mobilit\u00e0 della area urbana e nell\u2019area vasta.<\/SPAN><\/p>\n<p><SPAN style=\"LINE-HEIGHT: 115%; FONT-FAMILY: 'Verdana', 'sans-serif'; FONT-SIZE: 12pt\">Problemi non nuovi, come molti degli intervenuti hanno sottolineato, che in alcuni casi si trascinano insoluti da anni ma che, proprio per questo, devono essere affrontati con la massima decisione e portati a soluzione nei tempi pi\u00f9 brevi.<\/SPAN><\/p>\n<p><SPAN style=\"LINE-HEIGHT: 115%; FONT-FAMILY: 'Verdana', 'sans-serif'; FONT-SIZE: 12pt\">Massimo Fantola ha concordato con gli industriali sulla necessit\u00e0 di pervenire ad una governance condivisa, effettiva e policentrica dell\u2019area vasta, indispensabile per raggiungere il comune obiettivo di uno sviluppo economico omogeneo e coeso, a vantaggio dell'intera Regione.<\/SPAN><\/p>\n<p><SPAN style=\"LINE-HEIGHT: 115%; FONT-FAMILY: 'Verdana', 'sans-serif'; FONT-SIZE: 12pt\">Fantola ha condiviso la necessit\u00e0 di una citt\u00e0 sempre pi\u00f9 aperta, dinamica e capace di valorizzare il patrimonio culturale, ambientale ed urbanistico, ricercando, laddove necessario, il contributo e la partecipazione del sistema imprenditoriale e finanziario privato. Una valorizzazione che deve trovare nel coinvolgimento delle energie e delle competenze innovative dei giovani la leva vincente e straordinaria.<\/SPAN><\/p>\n<p><SPAN style=\"LINE-HEIGHT: 115%; FONT-FAMILY: 'Verdana', 'sans-serif'; FONT-SIZE: 12pt\">&nbsp;<\/SPAN><\/p>\n","protected":false},"excerpt":{"rendered":"<p>Il ruolo di Cagliari come motore di sviluppo economico dell\u2019area vasta e dell\u2019intera Sardegna. Questo il tema centrale del dibattito, svoltosi ieri a Cagliari, presso&#8230;<\/p>\n","protected":false},"author":2,"featured_media":0,"comment_status":"closed","ping_status":"closed","sticky":false,"template":"","format":"standard","meta":[],"categories":[49],"tags":[],"_links":{"self":[{"href":"https:\/\/www.cronacaonline.it\/index.php\/wp-json\/wp\/v2\/posts\/67608"}],"collection":[{"href":"https:\/\/www.cronacaonline.it\/index.php\/wp-json\/wp\/v2\/posts"}],"about":[{"href":"https:\/\/www.cronacaonline.it\/index.php\/wp-json\/wp\/v2\/types\/post"}],"author":[{"embeddable":true,"href":"https:\/\/www.cronacaonline.it\/index.php\/wp-json\/wp\/v2\/users\/2"}],"replies":[{"embeddable":true,"href":"https:\/\/www.cronacaonline.it\/index.php\/wp-json\/wp\/v2\/comments?post=67608"}],"version-history":[{"count":0,"href":"https:\/\/www.cronacaonline.it\/index.php\/wp-json\/wp\/v2\/posts\/67608\/revisions"}],"wp:attachment":[{"href":"https:\/\/www.cronacaonline.it\/index.php\/wp-json\/wp\/v2\/media?parent=67608"}],"wp:term":[{"taxonomy":"category","embeddable":true,"href":"https:\/\/www.cronacaonline.it\/index.php\/wp-json\/wp\/v2\/categories?post=67608"},{"taxonomy":"post_tag","embeddable":true,"href":"https:\/\/www.cronacaonline.it\/index.php\/wp-json\/wp\/v2\/tags?post=67608"}],"curies":[{"name":"wp","href":"https:\/\/api.w.org\/{rel}","templated":true}]}}