{"id":67591,"date":"2011-05-04T00:00:00","date_gmt":"2011-05-03T22:00:00","guid":{"rendered":"http:\/\/www.cronacaonline.it\/public\/content\/index.php\/2011\/05\/04\/tutela-paesaggio-assessore-rassu-smaltimento-pratiche-arretrate-necessario-per-lefficienza-e-la-celerita-amministrativa\/"},"modified":"2011-05-04T00:00:00","modified_gmt":"2011-05-03T22:00:00","slug":"tutela-paesaggio-assessore-rassu-smaltimento-pratiche-arretrate-necessario-per-lefficienza-e-la-celerita-amministrativa","status":"publish","type":"post","link":"https:\/\/www.cronacaonline.it\/index.php\/2011\/05\/04\/tutela-paesaggio-assessore-rassu-smaltimento-pratiche-arretrate-necessario-per-lefficienza-e-la-celerita-amministrativa\/","title":{"rendered":"Tutela paesaggio &#8211; Assessore Rassu: &#8220;Smaltimento pratiche arretrate necessario per l&#8217;efficienza e la celerit\u00e0 amministrativa&#8221;."},"content":{"rendered":"<p>L\u2019assessorato dell\u2019Urbanistica, ha attivato il bando per l\u2019affidamento di un servizio di supporto operativo esterno, in grado di garantire l\u2019espletamento, in tempi rapidi, delle funzioni amministrative di istruttoria e predisposizione dei provvedimenti di competenza. <\/p>\n<p>Il fine \u00e8 quello di smaltire le pratiche arretrate di rilascio delle autorizzazioni paesaggistiche, di sanatoria e condoni edilizi nelle aree tutelate paesaggisticamente, allineare l\u2019attivit\u00e0 di competenza del Servizio di Tutela Paesaggistica ai tempi stabiliti dalle norme e ancora accelerare l\u2019attivit\u00e0 della macchina regionale per favorire lo snellimento e la modernizzazione dell'apparato burocratico.<\/p>\n<p>\"Questa iniziativa \u2013 ha commentato l\u2019assessore, Nicola Rassu \u2013 si inserisce nel pi\u00f9 ampio programma che la Regione sta attivando per accelerare l\u2019azione dell\u2019amministrazione pubblica al fine di dare risposte concrete e tempestive ai cittadini, oltre che ai comuni. Stiamo gi\u00e0 operando attivamente al fine di raggiungere questi obiettivi in tempi rapidi per rendere la Regione sempre pi\u00f9 funzionale alle richieste della popolazione\".<\/p>\n<p>Nello specifico il bando ha affidato il servizio inerente al rilascio di autorizzazioni paesaggistiche, di accertamenti di compatibilit\u00e0, di pareri ai fini del condono edilizio nelle aree tutelate paesaggisitcamente e tutto ci\u00f2 che \u00e8 di competenza istituzionale del Servizio di Tutela Paesaggistica al vincitore del bando. Il progetto esecutivo per lo smaltimento delle pratiche che si \u00e8 aggiudicato il bando, comprende l\u2019intero iter procedimentale ed \u00e8 articolato in fasi e attivit\u00e0 lavorative, a partire dalla presentazione dell\u2019istanza fino al rilascio del provvedimento finale. Sono comprese nella procedura tutte le attivit\u00e0 interlocutorie, sia verbali che scritte, necessarie all\u2019attivit\u00e0 istruttoria.<\/p>\n<p>\"Riducendo drasticamente l\u2019arretrato riguardante le istanze volte all\u2019ottenimento dei nulla osta paesaggistici \u2013 ha aggiunto Rassu - e completando l\u2019iter delle pratiche di sanatoria e dei condoni edilizi nelle aree tutelate paesaggisticamente, si potr\u00e0 favorire lo snellimento e la modernizzazione degli apparati burocratici\".<\/p>\n<p>\"La nostra intenzione \u2013 ha concluso l\u2019assessore \u2013 \u00e8 quella di accrescere trasparenza e competitivit\u00e0 favorendo il consolidamento di buone pratiche nella tutela e valorizzazione del paesaggio, e soprattutto nel rispetto dei principi di efficienza e celerit\u00e0 dell\u2019azione amministrativa\". Red.<\/p>\n","protected":false},"excerpt":{"rendered":"<p>L\u2019assessorato dell\u2019Urbanistica, ha attivato il bando per l\u2019affidamento di un servizio di supporto operativo esterno, in grado di garantire l\u2019espletamento, in tempi rapidi, delle funzioni&#8230;<\/p>\n","protected":false},"author":2,"featured_media":0,"comment_status":"closed","ping_status":"closed","sticky":false,"template":"","format":"standard","meta":[],"categories":[49],"tags":[],"_links":{"self":[{"href":"https:\/\/www.cronacaonline.it\/index.php\/wp-json\/wp\/v2\/posts\/67591"}],"collection":[{"href":"https:\/\/www.cronacaonline.it\/index.php\/wp-json\/wp\/v2\/posts"}],"about":[{"href":"https:\/\/www.cronacaonline.it\/index.php\/wp-json\/wp\/v2\/types\/post"}],"author":[{"embeddable":true,"href":"https:\/\/www.cronacaonline.it\/index.php\/wp-json\/wp\/v2\/users\/2"}],"replies":[{"embeddable":true,"href":"https:\/\/www.cronacaonline.it\/index.php\/wp-json\/wp\/v2\/comments?post=67591"}],"version-history":[{"count":0,"href":"https:\/\/www.cronacaonline.it\/index.php\/wp-json\/wp\/v2\/posts\/67591\/revisions"}],"wp:attachment":[{"href":"https:\/\/www.cronacaonline.it\/index.php\/wp-json\/wp\/v2\/media?parent=67591"}],"wp:term":[{"taxonomy":"category","embeddable":true,"href":"https:\/\/www.cronacaonline.it\/index.php\/wp-json\/wp\/v2\/categories?post=67591"},{"taxonomy":"post_tag","embeddable":true,"href":"https:\/\/www.cronacaonline.it\/index.php\/wp-json\/wp\/v2\/tags?post=67591"}],"curies":[{"name":"wp","href":"https:\/\/api.w.org\/{rel}","templated":true}]}}