{"id":67571,"date":"2011-05-21T00:00:00","date_gmt":"2011-05-20T22:00:00","guid":{"rendered":"http:\/\/www.cronacaonline.it\/public\/content\/index.php\/2011\/05\/21\/il-gip-don-secchia-e-sieropositivo\/"},"modified":"2011-05-21T00:00:00","modified_gmt":"2011-05-20T22:00:00","slug":"il-gip-don-secchia-e-sieropositivo","status":"publish","type":"post","link":"https:\/\/www.cronacaonline.it\/index.php\/2011\/05\/21\/il-gip-don-secchia-e-sieropositivo\/","title":{"rendered":"Il Gip: Don Secchia \u00e8 sieropositivo"},"content":{"rendered":"<p><SPAN style=\"WIDOWS: 2; TEXT-TRANSFORM: none; TEXT-INDENT: 0px; BORDER-COLLAPSE: separate; FONT: 10px 'Times New Roman'; WHITE-SPACE: normal; ORPHANS: 2; LETTER-SPACING: normal; COLOR: rgb(0,0,0); WORD-SPACING: 0px; -webkit-border-horizontal-spacing: 0px; -webkit-border-vertical-spacing: 0px; -webkit-text-decorations-in-effect: none; -webkit-text-size-adjust: auto; -webkit-text-stroke-width: 0px\" class=Apple-style-span><SPAN style=\"TEXT-ALIGN: justify; LINE-HEIGHT: 20px; FONT-FAMILY: Arial, Helvetica, sans-serif; FONT-SIZE: 14px\" class=Apple-style-span>C'\u00e8 ancora un ragazzo, questa volta indagato, nella brutta storia che coinvolge don Riccardo Seppia, il parroco di Sestri Ponente in carcere per abuso su minore e cessione di stupefacente. Il ragazzo e' il quinto indagato in questa vicenda che ogni giorno ormai riserva una spiacevole sorpresa.<SPAN class=Apple-converted-space>&nbsp;<\/SPAN><\/SPAN><\/SPAN><\/p>\n<p><SPAN style=\"WIDOWS: 2; TEXT-TRANSFORM: none; TEXT-INDENT: 0px; BORDER-COLLAPSE: separate; FONT: 10px 'Times New Roman'; WHITE-SPACE: normal; ORPHANS: 2; LETTER-SPACING: normal; COLOR: rgb(0,0,0); WORD-SPACING: 0px; -webkit-border-horizontal-spacing: 0px; -webkit-border-vertical-spacing: 0px; -webkit-text-decorations-in-effect: none; -webkit-text-size-adjust: auto; -webkit-text-stroke-width: 0px\" class=Apple-style-span><SPAN style=\"TEXT-ALIGN: justify; LINE-HEIGHT: 20px; FONT-FAMILY: Arial, Helvetica, sans-serif; FONT-SIZE: 14px\" class=Apple-style-span><SPAN class=Apple-converted-space><\/SPAN>L'ultima riguarda la salute del sacerdote: il parroco sospeso dalla curia, secondo l'ordinanza, sarebbe sieropositivo.<SPAN class=Apple-converted-space>&nbsp;<\/SPAN><\/SPAN><\/SPAN><\/p>\n<p><SPAN style=\"WIDOWS: 2; TEXT-TRANSFORM: none; TEXT-INDENT: 0px; BORDER-COLLAPSE: separate; FONT: 10px 'Times New Roman'; WHITE-SPACE: normal; ORPHANS: 2; LETTER-SPACING: normal; COLOR: rgb(0,0,0); WORD-SPACING: 0px; -webkit-border-horizontal-spacing: 0px; -webkit-border-vertical-spacing: 0px; -webkit-text-decorations-in-effect: none; -webkit-text-size-adjust: auto; -webkit-text-stroke-width: 0px\" class=Apple-style-span><SPAN style=\"TEXT-ALIGN: justify; LINE-HEIGHT: 20px; FONT-FAMILY: Arial, Helvetica, sans-serif; FONT-SIZE: 14px\" class=Apple-style-span><SPAN class=Apple-converted-space><\/SPAN>\"Su questo aspetto della vicenda preferisco non commentare\", si&nbsp;\u00e8 limitato a dire il legale difensore del sacerdote, avvocato Paolo Bonanni, che domani assister\u00e0 il prete nel suo primo interrogatorio davanti ai magistrati di Genova.<SPAN class=Apple-converted-space>&nbsp;<\/SPAN><\/SPAN><\/SPAN><\/p>\n<p><SPAN style=\"WIDOWS: 2; TEXT-TRANSFORM: none; TEXT-INDENT: 0px; BORDER-COLLAPSE: separate; FONT: 10px 'Times New Roman'; WHITE-SPACE: normal; ORPHANS: 2; LETTER-SPACING: normal; COLOR: rgb(0,0,0); WORD-SPACING: 0px; -webkit-border-horizontal-spacing: 0px; -webkit-border-vertical-spacing: 0px; -webkit-text-decorations-in-effect: none; -webkit-text-size-adjust: auto; -webkit-text-stroke-width: 0px\" class=Apple-style-span><SPAN style=\"TEXT-ALIGN: justify; LINE-HEIGHT: 20px; FONT-FAMILY: Arial, Helvetica, sans-serif; FONT-SIZE: 14px\" class=Apple-style-span><SPAN class=Apple-converted-space><\/SPAN>Questa mattina, invece, e' toccato a Emanuele Alfano, l'ex seminarista amico e complice di don Riccardo. Proprio Alfano, arrestato ieri mentre si stava imbarcando su una nave da crociera e accusato di induzione alla prostituzione minorile, e' stato interrogato oggi per cinque ore ma nulla e' dato sapere di quanto ha detto l'ex amico del sacerdote se non che avrebbe ammesso di aver conosciuto don Seppia in parrocchia quando faceva il chierichetto. Alfano avrebbe anche fatto il nome del ragazzo oggi maggiorenne che organizzava per lui e per l'amico parroco i 'balletti verdi' con i ragazzini conosciuti e adescati tutti nella zona di Sampierdarena.<SPAN class=Apple-converted-space>&nbsp;<\/SPAN><\/SPAN><\/SPAN><\/p>\n<p><SPAN style=\"WIDOWS: 2; TEXT-TRANSFORM: none; TEXT-INDENT: 0px; BORDER-COLLAPSE: separate; FONT: 10px 'Times New Roman'; WHITE-SPACE: normal; ORPHANS: 2; LETTER-SPACING: normal; COLOR: rgb(0,0,0); WORD-SPACING: 0px; -webkit-border-horizontal-spacing: 0px; -webkit-border-vertical-spacing: 0px; -webkit-text-decorations-in-effect: none; -webkit-text-size-adjust: auto; -webkit-text-stroke-width: 0px\" class=Apple-style-span><SPAN style=\"TEXT-ALIGN: justify; LINE-HEIGHT: 20px; FONT-FAMILY: Arial, Helvetica, sans-serif; FONT-SIZE: 14px\" class=Apple-style-span><SPAN class=Apple-converted-space><\/SPAN>Don Riccardo Seppia, invece, sara' interrogato domattina poco dopo le 8 dal pm Stefano Puppo. Oggi ha ricevuto in carcere la visita del suo legale, Paolo Bonanni, al quale ha chiesto libri e una Bibbia ma, soprattutto, ha chiesto di avanzare domanda di trasferimento in un altro istituto di pena: le urla, le ingiurie e soprattutto le minacce degli altri detenuti lo spaventano. A Bonanni ha detto anche di non aver mai avuto rapporti sessuali con bambini. Don Seppia, ha detto l'avvocato, \"respinge assolutamente qualsiasi coinvolgimento in vicende attinenti a bambini di dieci anni o di eta' simile\", come invece emergerebbe dalle intercettazioni telefoniche e ambientali pubblicate da alcuni media.<SPAN class=Apple-converted-space>&nbsp;<\/SPAN><\/SPAN><\/SPAN><\/p>\n<p><SPAN style=\"WIDOWS: 2; TEXT-TRANSFORM: none; TEXT-INDENT: 0px; BORDER-COLLAPSE: separate; FONT: 10px 'Times New Roman'; WHITE-SPACE: normal; ORPHANS: 2; LETTER-SPACING: normal; COLOR: rgb(0,0,0); WORD-SPACING: 0px; -webkit-border-horizontal-spacing: 0px; -webkit-border-vertical-spacing: 0px; -webkit-text-decorations-in-effect: none; -webkit-text-size-adjust: auto; -webkit-text-stroke-width: 0px\" class=Apple-style-span><SPAN style=\"TEXT-ALIGN: justify; LINE-HEIGHT: 20px; FONT-FAMILY: Arial, Helvetica, sans-serif; FONT-SIZE: 14px\" class=Apple-style-span><SPAN class=Apple-converted-space><\/SPAN>Questa squallida storia sembra non dover finire mai: gli inquirenti hanno scoperchiato un vaso di Pandora che portera', ne sono convinti, ad altri indagati e ad altre vittime. Prosegue il lavoro di carabinieri del Nas di Milano e della procura di Genova che stanno ricostruendo passo dopo passo quel giro di sesso e droga che ha ammorbato l'aria di una piccola parrocchia dell'area suburbana di Genova.<SPAN class=Apple-converted-space>&nbsp;<\/SPAN><\/SPAN><\/SPAN><\/p>\n<p><SPAN style=\"WIDOWS: 2; TEXT-TRANSFORM: none; TEXT-INDENT: 0px; BORDER-COLLAPSE: separate; FONT: 10px 'Times New Roman'; WHITE-SPACE: normal; ORPHANS: 2; LETTER-SPACING: normal; COLOR: rgb(0,0,0); WORD-SPACING: 0px; -webkit-border-horizontal-spacing: 0px; -webkit-border-vertical-spacing: 0px; -webkit-text-decorations-in-effect: none; -webkit-text-size-adjust: auto; -webkit-text-stroke-width: 0px\" class=Apple-style-span><SPAN style=\"TEXT-ALIGN: justify; LINE-HEIGHT: 20px; FONT-FAMILY: Arial, Helvetica, sans-serif; FONT-SIZE: 14px\" class=Apple-style-span><SPAN class=Apple-converted-space><\/SPAN>Don Seppia verr\u00e0 con tutta probabilit\u00e0 mandato in un altro istituto di pena, probabilmente a Chiavari perch\u00e9 da che&nbsp;\u00e8 a Marassi pare che abbia paura anche di fruire dell'ora d'aria. La legge del carcere non perdona chi&nbsp;\u00e8 accusato di certi reati, accertati o ancora presunti. Forse, leggere la vita di santa Teresa di Lisieux, il dottore della Chiesa che soffr\u00ec la 'notte della fede', libro che ha chiesto ripetutamente al suo avvocato, lo aiuter\u00e0 a non sentire gli insulti, le grida, le minacce dei suoi compagni di carcere.<\/SPAN><\/SPAN><\/p>\n","protected":false},"excerpt":{"rendered":"<p>C&#8217;\u00e8 ancora un ragazzo, questa volta indagato, nella brutta storia che coinvolge don Riccardo Seppia, il parroco di Sestri Ponente in carcere per abuso su&#8230;<\/p>\n","protected":false},"author":2,"featured_media":0,"comment_status":"closed","ping_status":"closed","sticky":false,"template":"","format":"standard","meta":[],"categories":[49],"tags":[],"_links":{"self":[{"href":"https:\/\/www.cronacaonline.it\/index.php\/wp-json\/wp\/v2\/posts\/67571"}],"collection":[{"href":"https:\/\/www.cronacaonline.it\/index.php\/wp-json\/wp\/v2\/posts"}],"about":[{"href":"https:\/\/www.cronacaonline.it\/index.php\/wp-json\/wp\/v2\/types\/post"}],"author":[{"embeddable":true,"href":"https:\/\/www.cronacaonline.it\/index.php\/wp-json\/wp\/v2\/users\/2"}],"replies":[{"embeddable":true,"href":"https:\/\/www.cronacaonline.it\/index.php\/wp-json\/wp\/v2\/comments?post=67571"}],"version-history":[{"count":0,"href":"https:\/\/www.cronacaonline.it\/index.php\/wp-json\/wp\/v2\/posts\/67571\/revisions"}],"wp:attachment":[{"href":"https:\/\/www.cronacaonline.it\/index.php\/wp-json\/wp\/v2\/media?parent=67571"}],"wp:term":[{"taxonomy":"category","embeddable":true,"href":"https:\/\/www.cronacaonline.it\/index.php\/wp-json\/wp\/v2\/categories?post=67571"},{"taxonomy":"post_tag","embeddable":true,"href":"https:\/\/www.cronacaonline.it\/index.php\/wp-json\/wp\/v2\/tags?post=67571"}],"curies":[{"name":"wp","href":"https:\/\/api.w.org\/{rel}","templated":true}]}}