{"id":67545,"date":"2011-05-01T00:00:00","date_gmt":"2011-04-30T22:00:00","guid":{"rendered":"http:\/\/www.cronacaonline.it\/public\/content\/index.php\/2011\/05\/01\/fortza-paris-piscina-comunale-facciamo-due-conti\/"},"modified":"2011-05-01T00:00:00","modified_gmt":"2011-04-30T22:00:00","slug":"fortza-paris-piscina-comunale-facciamo-due-conti","status":"publish","type":"post","link":"https:\/\/www.cronacaonline.it\/index.php\/2011\/05\/01\/fortza-paris-piscina-comunale-facciamo-due-conti\/","title":{"rendered":"Fortza Paris: Piscina comunale, facciamo due conti."},"content":{"rendered":"<p><SPAN style=\"LINE-HEIGHT: 115%; FONT-FAMILY: 'Verdana', 'sans-serif'; FONT-SIZE: 12pt\">L\u2019apertura al pubblico della piscina comunale doveva rappresentare il fiore all\u2019occhiello dell\u2019attuale maggioranza di centrodestra, sardista e di sinistra al governo di Assemini. Ritardi cronici e spesse da guiness dei primati sono un ulteriore ed inevitabile boomerang che affonda lentamente un esecutivo paralizzato da chiara incapacit\u00e0 e da lotte intestine. In tre anni non si \u00e8 riusciti a rispettare un solo punto degli impegni programmatici. Un record!<\/SPAN><\/p>\n<p><SPAN style=\"LINE-HEIGHT: 115%; FONT-FAMILY: 'Verdana', 'sans-serif'; FONT-SIZE: 12pt\">Per stessa ammissione del sindaco, Paolo Mereu, la piscina \u00e8 stata finita di progettare nel lontano mese di aprile del 2002. Oggi si innalza come una cattedrale sconsacrata lungo la Statale 130. Ancora incompleta dopo nove anni di attese e di promesse. Anni che non sono trascorsi in vano. Infatti, i costi di realizzazione sono passati da 3 milioni e mezzo di euro agli attuali 7 milioni e mezzo. Un incremento di oltre il doppio rispetto all\u2019investimento inizialmente previsto. La struttura si sarebbe dovuta aprire nel mese ottobre del 2008. Ad oggi, l\u2019amministrazione comunale non \u00e8 in grado di definire una data nemmeno approssimativa che risponda alle pressanti richieste dei cittadini. La struttura dovrebbe essere consegnata dalla ditta appaltatrice il prossimo 30 giugno, ma manca la realizzazione dei parcheggi, una recinzione adeguata e la certificazione dei Vigili del fuoco. Parcheggi per i quali sono disponibili 1 milione e 200 mila euro da destinare all\u2019acquisizione delle aree. Non si sa se i terreni interessati verranno comprati o espropriati. Quasi un ettaro di parcheggi che appaiono eccessivi rispetto alle reali esigenze. Costi che potrebbero lievitare ancora e nessuno lo esclude. Un ulteriore scempio amministrativo che non sembra trovare soluzione visto che il sindaco non ha ancora provveduto a nominare il nuovo assessore ai lavori pubblici, dimissionato lo scorso mese di dicembre.<\/SPAN><\/p>\n<p><SPAN style=\"LINE-HEIGHT: 115%; FONT-FAMILY: 'Verdana', 'sans-serif'; FONT-SIZE: 12pt\">Mentre la quasi piscina rimane illuminata da mesi notte e giorno e, l\u2019amministrazione comunale non sa nemmeno chi dovr\u00e0 pagare la bolletta energetica, per Fortza Paris rimangono inevase anche altre domande: quando verr\u00e0 decisa la modalit\u00e0 di gestione? Si \u00e8 davvero convinti che la struttura sar\u00e0 in grado di assorbire 65 addetti? I macchinari installati sono ancora pienamente efficienti e funzionali? La piscina sar\u00e0 fruibile con condizioni di favore per gli svantaggiati? Ma, questa \u00e8 cosa diversa, si chiama politica. Red<\/SPAN><\/p>\n","protected":false},"excerpt":{"rendered":"<p>L\u2019apertura al pubblico della piscina comunale doveva rappresentare il fiore all\u2019occhiello dell\u2019attuale maggioranza di centrodestra, sardista e di sinistra al governo di Assemini. Ritardi cronici&#8230;<\/p>\n","protected":false},"author":2,"featured_media":9446,"comment_status":"closed","ping_status":"closed","sticky":false,"template":"","format":"standard","meta":[],"categories":[49],"tags":[],"_links":{"self":[{"href":"https:\/\/www.cronacaonline.it\/index.php\/wp-json\/wp\/v2\/posts\/67545"}],"collection":[{"href":"https:\/\/www.cronacaonline.it\/index.php\/wp-json\/wp\/v2\/posts"}],"about":[{"href":"https:\/\/www.cronacaonline.it\/index.php\/wp-json\/wp\/v2\/types\/post"}],"author":[{"embeddable":true,"href":"https:\/\/www.cronacaonline.it\/index.php\/wp-json\/wp\/v2\/users\/2"}],"replies":[{"embeddable":true,"href":"https:\/\/www.cronacaonline.it\/index.php\/wp-json\/wp\/v2\/comments?post=67545"}],"version-history":[{"count":0,"href":"https:\/\/www.cronacaonline.it\/index.php\/wp-json\/wp\/v2\/posts\/67545\/revisions"}],"wp:featuredmedia":[{"embeddable":true,"href":"https:\/\/www.cronacaonline.it\/index.php\/wp-json\/"}],"wp:attachment":[{"href":"https:\/\/www.cronacaonline.it\/index.php\/wp-json\/wp\/v2\/media?parent=67545"}],"wp:term":[{"taxonomy":"category","embeddable":true,"href":"https:\/\/www.cronacaonline.it\/index.php\/wp-json\/wp\/v2\/categories?post=67545"},{"taxonomy":"post_tag","embeddable":true,"href":"https:\/\/www.cronacaonline.it\/index.php\/wp-json\/wp\/v2\/tags?post=67545"}],"curies":[{"name":"wp","href":"https:\/\/api.w.org\/{rel}","templated":true}]}}