{"id":67518,"date":"2011-05-20T00:00:00","date_gmt":"2011-05-19T22:00:00","guid":{"rendered":"http:\/\/www.cronacaonline.it\/public\/content\/index.php\/2011\/05\/20\/casini-difende-la-scelta-del-no-a-pdl-e-pd-in-vista-dei-ballottaggi\/"},"modified":"2011-05-20T00:00:00","modified_gmt":"2011-05-19T22:00:00","slug":"casini-difende-la-scelta-del-no-a-pdl-e-pd-in-vista-dei-ballottaggi","status":"publish","type":"post","link":"https:\/\/www.cronacaonline.it\/index.php\/2011\/05\/20\/casini-difende-la-scelta-del-no-a-pdl-e-pd-in-vista-dei-ballottaggi\/","title":{"rendered":"Casini difende la scelta del &#8216;no&#8217; a PdL e Pd in vista dei ballottaggi"},"content":{"rendered":"<p><SPAN class=apple-style-span><SPAN style=\"FONT-FAMILY: 'Verdana', 'sans-serif'; COLOR: black; FONT-SIZE: 12pt; mso-bidi-font-family: Arial\">\"Ma cosa si immaginavano? Che ci saremmo arruolati, al suono della fanfara, con un Pdl in piena deriva estremista o con De Magistris e Pisapia?\".Pier Ferdinando Casini, quindi, si dice convinto che il non schierarsi nei ballottaggi di Milano e Napoli sia stata la scelta migliore.<\/SPAN><\/SPAN><\/p>\n<p><SPAN class=apple-style-span><SPAN style=\"FONT-FAMILY: 'Verdana', 'sans-serif'; COLOR: black; FONT-SIZE: 12pt; mso-bidi-font-family: Arial\">\"Se avessimo fatto una simile scelta, cosa direbbero oggi i politologi che ci criticano? Direbbero che il Terzo Polo \u00e8 tornato sotto le ali protettive di Berlusconi oppure, all'opposto, che si \u00e8 aggiunto all'ammucchiata arti-berlusconiana\".&nbsp; E' stata fatta, invece, una scelta obbligata da \"ragioni di coerenza\". Ma anche un investimento politico perch\u00e9 \"l'autonomia del centro resta l'antidoto migliore, di cui il Paese dispone a questo bipolarismo radicalizzato e inconcludente\". E il risultato elettorale ottenuto dal Terzo Polo \"dimostra fin d'ora che nella prossima legislatura n\u00e9 il Pdl, n\u00e9 il Pd avranno la maggioranza dei seggi in Senato e dunque sar\u00e0 possibile avviare una fase politica nuova, nel segno nuovo dell'unit\u00e0 nazionale\".<\/SPAN><\/SPAN><\/p>\n<p><SPAN class=apple-style-span><SPAN style=\"FONT-FAMILY: 'Verdana', 'sans-serif'; COLOR: black; FONT-SIZE: 12pt; mso-bidi-font-family: Arial\">Per Casini \"gli elettori hanno sempre ragione. E la nostra scelta \u00e8 la pi\u00f9 rispettosa nei loro confronti. Dico di pi\u00f9: se gli elettori hanno premiato in modo cos\u00ec massiccio Pisapia e de Magistris bisogna comprendere bene anche la loro ragione politica. I milanesi non sono diventati di colpo tutti estremisti. E' stato Berlusconi a dare alle elezioni un carattere politico nazionale: e gli elettori lo hanno bocciato. Ma il rispetto \u00e8 dovuto anche all'intelligenza di chi ha votato per noi e lo ha fatto per investire sul futuro. Non potevamo accantonare il nostro progetto per qualche assessorato. Ora i nostri elettori sceglieranno in libert\u00e0 la soluzione che sembra loro pi\u00f9 positiva o meno negativa per la loro citt\u00e0\".<\/SPAN><\/SPAN><\/p>\n<p><SPAN class=apple-style-span><SPAN style=\"FONT-FAMILY: 'Verdana', 'sans-serif'; COLOR: black; FONT-SIZE: 12pt; mso-bidi-font-family: Arial\">\"Invece \u00e8 stato un risultato positivo - dice Casini - Come dimostra l'analisi del professor D'Alimonte, l'Udc \u00e8 uno dei pochi partiti che vanta un segno pi\u00f9 rispetto alle regionali del 2010. A Milano il Terzo Polo ha raggiunto il 5,5%, mentre cinque anni fa in coalizione con la Moratti prendemmo il 2%. Il dato ancora pi\u00f9 evidente \u00e8 che la concentrazione dei voti sui due candidati maggiori, nelle grandi citt\u00e0, si \u00e8 generalmente ridotta. Se prima raggiungeva il 95% ora sono molte le realt\u00e0, a partire da Napoli, in cui si scende al 65%. Questo bipolarismo \u00e8 comunque in crisi\".<\/SPAN><\/SPAN><\/SPAN><SPAN class=apple-style-span><B><SPAN style=\"FONT-FAMILY: 'Verdana', 'sans-serif'; COLOR: black; FONT-SIZE: 12pt\"><\/SPAN><\/B><\/SPAN><\/p>\n","protected":false},"excerpt":{"rendered":"<p>&#8220;Ma cosa si immaginavano? Che ci saremmo arruolati, al suono della fanfara, con un Pdl in piena deriva estremista o con De Magistris e Pisapia?&#8221;.Pier&#8230;<\/p>\n","protected":false},"author":2,"featured_media":9437,"comment_status":"closed","ping_status":"closed","sticky":false,"template":"","format":"standard","meta":[],"categories":[49],"tags":[],"_links":{"self":[{"href":"https:\/\/www.cronacaonline.it\/index.php\/wp-json\/wp\/v2\/posts\/67518"}],"collection":[{"href":"https:\/\/www.cronacaonline.it\/index.php\/wp-json\/wp\/v2\/posts"}],"about":[{"href":"https:\/\/www.cronacaonline.it\/index.php\/wp-json\/wp\/v2\/types\/post"}],"author":[{"embeddable":true,"href":"https:\/\/www.cronacaonline.it\/index.php\/wp-json\/wp\/v2\/users\/2"}],"replies":[{"embeddable":true,"href":"https:\/\/www.cronacaonline.it\/index.php\/wp-json\/wp\/v2\/comments?post=67518"}],"version-history":[{"count":0,"href":"https:\/\/www.cronacaonline.it\/index.php\/wp-json\/wp\/v2\/posts\/67518\/revisions"}],"wp:featuredmedia":[{"embeddable":true,"href":"https:\/\/www.cronacaonline.it\/index.php\/wp-json\/"}],"wp:attachment":[{"href":"https:\/\/www.cronacaonline.it\/index.php\/wp-json\/wp\/v2\/media?parent=67518"}],"wp:term":[{"taxonomy":"category","embeddable":true,"href":"https:\/\/www.cronacaonline.it\/index.php\/wp-json\/wp\/v2\/categories?post=67518"},{"taxonomy":"post_tag","embeddable":true,"href":"https:\/\/www.cronacaonline.it\/index.php\/wp-json\/wp\/v2\/tags?post=67518"}],"curies":[{"name":"wp","href":"https:\/\/api.w.org\/{rel}","templated":true}]}}