{"id":67508,"date":"2011-05-06T00:00:00","date_gmt":"2011-05-05T22:00:00","guid":{"rendered":"http:\/\/www.cronacaonline.it\/public\/content\/index.php\/2011\/05\/06\/sedicente-funzionario-della-commissione-europea-smascherato-dalle-fiamme-gialle-a-sassari\/"},"modified":"2011-05-06T00:00:00","modified_gmt":"2011-05-05T22:00:00","slug":"sedicente-funzionario-della-commissione-europea-smascherato-dalle-fiamme-gialle-a-sassari","status":"publish","type":"post","link":"https:\/\/www.cronacaonline.it\/index.php\/2011\/05\/06\/sedicente-funzionario-della-commissione-europea-smascherato-dalle-fiamme-gialle-a-sassari\/","title":{"rendered":"Sedicente funzionario della commissione europea smascherato dalle fiamme gialle a Sassari."},"content":{"rendered":"<p><SPAN style=\"FONT-FAMILY: 'Verdana', 'sans-serif'; mso-fareast-font-family: 'Courier 10cpi'\">Nei giorni scorsi nel centro di Sassari una pattuglia di finanzieri ha fermato per un controllo una vettura che aveva commesso un\u2019infrazione. <SPAN style=\"mso-spacerun: yes\">&nbsp;<\/SPAN>Subito dopo, forse per impressionare gli uomini delle Fiamme Gialle di pattuglia, l\u2019uomo affermato di essere il Dottor Pierpaolo Manca, Funzionario della Commissione Europea e per confermare la propria identit\u00e0 egli ha mostrato un tesserino apparentemente rilasciato dalla Direzione Generale \u201cAgricoltura\u201d della Commissione Europea dove era scritto che era nato a Busachi nel 1961 e residente a Bruxelles. <\/SPAN><\/p>\n<p><SPAN style=\"FONT-FAMILY: 'Verdana', 'sans-serif'; mso-fareast-font-family: 'Courier 10cpi'\">Alla successiva domanda di mostrare la patente di guida, il conducente ha affermato di non averne cos\u00ec come di non disporre di altro documenti di identit\u00e0.<\/SPAN><\/p>\n<p><SPAN style=\"FONT-FAMILY: 'Verdana', 'sans-serif'; mso-fareast-font-family: 'Courier 10cpi'\">Il comportamento e la sicurezza del presunto Funzionario di Bruxelles non hanno convinto i militari che lo hanno accompagnato in caserma per gli accertamenti del caso. Qui poi \u00e8 stato definitivamente accertato che in nessuna delle banche dati cui ha accesso la Guardia di Finanza risulta un cittadino italiano con i dati anagrafici declinati. Infatti, egli \u00e8 risultato sconosciuto al Comune di Busachi (OR) ed anche alla Direzione Generale Agricoltura della Commissione. Il tesserino si \u00e8 rivelato essere un <I style=\"mso-bidi-font-style: normal\">tarocco <\/I>talmente evidente che non avrebbe dovuto trarre in inganno nessuno.<\/SPAN><SPAN style=\"FONT-FAMILY: 'Verdana', 'sans-serif'\"><\/SPAN><\/p>\n<p><SPAN style=\"FONT-FAMILY: 'Verdana', 'sans-serif'; mso-fareast-font-family: 'Courier 10cpi'\">I successivi approfondimenti, anche foto dattiloscopici, hanno consentito di accertare tutt\u2019altro. Il sedicente Funzionario comunitario \u00e8 nato a Cagliari il 1 marzo del 1948 e vanta diversi precedenti penali, compreso qualche mese di detenzione al carcere dell\u2019Ucciardone di Palermo. <\/SPAN><SPAN style=\"FONT-FAMILY: 'Verdana', 'sans-serif'\"><\/SPAN><\/p>\n<p><SPAN style=\"FONT-FAMILY: 'Verdana', 'sans-serif'; mso-fareast-font-family: 'Courier 10cpi'\">Le perquisizioni della sua dimora e dell\u2019autovettura, di propriet\u00e0 di una persona estranea ai fatti, hanno consentito di reperire una copiosa documentazione apparentemente originata da ufficio della Commissione Europea ma sulla quale sono in corso ulteriori approfondimenti perch\u00e9, a prima vista, appare non autentica e, comunque, non \u00e8 chiaro a quale titolo fosse nella disponibilit\u00e0 del Manca. <\/SPAN><\/p>\n<p><SPAN style=\"FONT-FAMILY: 'Verdana', 'sans-serif'; mso-fareast-font-family: 'Courier 10cpi'\">Parte delle carte sequestrate paiono riferirsi a progetti in corso di presentazione nell\u2019ambito di programmi finanziati dalle Istituzioni comunitarie.<\/SPAN><\/p>\n<p><SPAN style=\"FONT-FAMILY: 'Verdana', 'sans-serif'; mso-fareast-font-family: 'Courier 10cpi'\">Il sospetto dei Finanzieri \u00e8 che Pierpaolo Manca possa aver finto di essere un Funzionario Europeo con cittadini, societ\u00e0 ed Amministrazioni locali e regionali, forse millantando conoscenze o <I style=\"mso-bidi-font-style: normal\">entrature<\/I> che avrebbero consentito di facilitare l\u2019iter di pratiche giacenti negli uffici della Commissione.<\/SPAN><\/p>\n<p><SPAN style=\"FONT-FAMILY: 'Verdana', 'sans-serif'; mso-fareast-font-family: 'Courier 10cpi'\">Tale sospetto \u00e8 avvalorato dai risultati delle ricerche in Internet dove il falso Funzionario della Commissione Europea Pierpaolo Manca risulta aver partecipato a varie iniziative (convegni ed incontri) organizzate negli ultimi anni in materia di attivit\u00e0 di studio e progettuali finanziate o finanziabili nel quadro di alcuni Piani dell\u2019Unione Europea in materia di energia, architettura sostenibile, agricoltura ed altro.<\/SPAN><\/p>\n<p><SPAN style=\"FONT-FAMILY: 'Verdana', 'sans-serif'; mso-fareast-font-family: 'Courier 10cpi'\">Un profilo sul sito \u201cLinkedIn\u201d, verosimilmente a lui riconducibile, informa che pu\u00f2 vantare una formazione di tutto rispetto iniziata all\u2019Universit\u00e0 Cattolica del Sacro Cuore di Milano e proseguita con il conseguimento di un Master presso la Chicago State University. La sua carriera si sarebbe svolta prevalentemente presso la Commissione Europea. L\u2019uomo durante l\u2019interrogatorio ha, infine confessato di non aver mai lavorato per alcuna Istituzione comunitaria.<\/SPAN><\/p>\n<p><SPAN style=\"FONT-FAMILY: 'Verdana', 'sans-serif'; mso-fareast-font-family: 'Courier 10cpi'\">Quali attivit\u00e0 egli abbia svolto sinora e la loro reale natura potr\u00e0 essere accertato anche con la collaborazione di cittadini ed Istituzioni locali e regionali che abbiano eventualmente avuto a che fare con il Manca e che sono invitati a contattare la Compagnia della Guardia di Finanza di Sassari che sta svolgendo le indagini che sono scattate con il coordinamento della Procura della Repubblica di Sassari.<\/SPAN><\/p>\n","protected":false},"excerpt":{"rendered":"<p>Nei giorni scorsi nel centro di Sassari una pattuglia di finanzieri ha fermato per un controllo una vettura che aveva commesso un\u2019infrazione. &nbsp;Subito dopo, forse&#8230;<\/p>\n","protected":false},"author":2,"featured_media":0,"comment_status":"closed","ping_status":"closed","sticky":false,"template":"","format":"standard","meta":[],"categories":[49],"tags":[],"_links":{"self":[{"href":"https:\/\/www.cronacaonline.it\/index.php\/wp-json\/wp\/v2\/posts\/67508"}],"collection":[{"href":"https:\/\/www.cronacaonline.it\/index.php\/wp-json\/wp\/v2\/posts"}],"about":[{"href":"https:\/\/www.cronacaonline.it\/index.php\/wp-json\/wp\/v2\/types\/post"}],"author":[{"embeddable":true,"href":"https:\/\/www.cronacaonline.it\/index.php\/wp-json\/wp\/v2\/users\/2"}],"replies":[{"embeddable":true,"href":"https:\/\/www.cronacaonline.it\/index.php\/wp-json\/wp\/v2\/comments?post=67508"}],"version-history":[{"count":0,"href":"https:\/\/www.cronacaonline.it\/index.php\/wp-json\/wp\/v2\/posts\/67508\/revisions"}],"wp:attachment":[{"href":"https:\/\/www.cronacaonline.it\/index.php\/wp-json\/wp\/v2\/media?parent=67508"}],"wp:term":[{"taxonomy":"category","embeddable":true,"href":"https:\/\/www.cronacaonline.it\/index.php\/wp-json\/wp\/v2\/categories?post=67508"},{"taxonomy":"post_tag","embeddable":true,"href":"https:\/\/www.cronacaonline.it\/index.php\/wp-json\/wp\/v2\/tags?post=67508"}],"curies":[{"name":"wp","href":"https:\/\/api.w.org\/{rel}","templated":true}]}}