{"id":67489,"date":"2011-05-10T00:00:00","date_gmt":"2011-05-09T22:00:00","guid":{"rendered":"http:\/\/www.cronacaonline.it\/public\/content\/index.php\/2011\/05\/10\/insediata-commissione-provinciale-per-linserimento-mirato-dei-disabili-e-delle-categorie-protette-del-territorio\/"},"modified":"2011-05-10T00:00:00","modified_gmt":"2011-05-09T22:00:00","slug":"insediata-commissione-provinciale-per-linserimento-mirato-dei-disabili-e-delle-categorie-protette-del-territorio","status":"publish","type":"post","link":"https:\/\/www.cronacaonline.it\/index.php\/2011\/05\/10\/insediata-commissione-provinciale-per-linserimento-mirato-dei-disabili-e-delle-categorie-protette-del-territorio\/","title":{"rendered":"Insediata Commissione Provinciale per l&#8217;inserimento mirato dei disabili e delle Categorie protette del territorio."},"content":{"rendered":"<p><SPAN style=\"LINE-HEIGHT: 115%; FONT-FAMILY: 'Verdana', 'sans-serif'; FONT-SIZE: 12pt; mso-fareast-font-family: 'Times New Roman'\">Si \u00e8 insediata ieri mattina, negli uffici del Settore Lavoro della Provincia di Nuoro, la Commissione Provinciale per l\u2019inserimento mirato dei Disabili e delle Categorie Protette.<\/SPAN><\/p>\n<p><SPAN style=\"LINE-HEIGHT: 115%; FONT-FAMILY: 'Verdana', 'sans-serif'; FONT-SIZE: 12pt; mso-fareast-font-family: 'Times New Roman'\">Istituita dalla Legge Regionale 20 del 2005 per promuovere l\u2019inserimento e l\u2019integrazione lavorativa nel territorio, la Commissione provinciale ha gi\u00e0 avviato, nel corso della sua prima seduta, una discussione sul metodo di lavoro da adottare per favorire l\u2019incontro tra le Aziende e le persone con disabilit\u00e0 o appartenenti alle categorie protette che, a causa della crisi, sono spesso doppiamente svantaggiate.<\/SPAN><\/p>\n<p><SPAN style=\"LINE-HEIGHT: 115%; FONT-FAMILY: 'Verdana', 'sans-serif'; FONT-SIZE: 12pt; mso-fareast-font-family: 'Times New Roman'\">\u201c\u00c8 stata immediatamente esplicitata la necessit\u00e0 di fare una ricognizione del lavoro svolto dalla precedente commissione, proprio per completare percorsi meritevoli gi\u00e0 avviati - ha spiegato l\u2019assessore provinciale al Lavoro Giuseppe Dessena - &nbsp;a partire da un esame, anche sulla base dei dati numerici a disposizione, del rapporto aziende in obbligo - assunzioni e dalla verifica dell\u2019effettiva efficacia della legge. A tal proposito&nbsp;- ha sottolineato Dessena - si organizzer\u00e0 a breve un convegno con l\u2019obiettivo di porre a confronto i vari attori che contribuiscono a dare applicazione alla legge nel territorio e i tecnici del ministero che hanno partecipato alla stesura della legge stessa\".<\/SPAN><\/p>\n<p><SPAN style=\"LINE-HEIGHT: 115%; FONT-FAMILY: 'Verdana', 'sans-serif'; FONT-SIZE: 12pt; mso-fareast-font-family: 'Times New Roman'\">Nella seduta di ieri la Commissione, composta dalle rappresentanze datoriali (Ass. Industriali \u2013 Ascom \u2013 Coldiretti), dalle rappresentanze sindacali (Cgil \u2013 Cisl \u2013 Uil), dai rappresentanti delle Associazioni Anmic, Anmil E Unione Ciechi, da un rappresentante designato dal Terzo Settore e infine da un referente della A.S.L, si \u00e8 data un programma operativo per la prossima riunione.<\/SPAN><\/p>\n<p><SPAN style=\"LINE-HEIGHT: 115%; FONT-FAMILY: 'Verdana', 'sans-serif'; FONT-SIZE: 12pt; mso-fareast-font-family: 'Times New Roman'\">Si proceder\u00e0 subito alla costituzione del Comitato Tecnico, composto da funzionari ed esperti del settore sociale e medico-legale che si occuperanno di valutare le capacit\u00e0 lavorative, definire strumenti e prestazioni e predisporre i controlli periodici sulla permanenza delle condizioni di inabilit\u00e0 dei lavoratori. Si passer\u00e0 poi alla verifica dell\u2019elenco nominativo delle aziende in obbligo di assunzione fino all\u2019avvio di un percorso di sensibilizzazione&nbsp;di tutta la societ\u00e0, comprese le aziende non in obbligo.<\/SPAN><\/p>\n<p><SPAN style=\"LINE-HEIGHT: 115%; FONT-FAMILY: 'Verdana', 'sans-serif'; FONT-SIZE: 12pt; mso-fareast-font-family: 'Times New Roman'\">\u201cL\u2019obiettivo unanimemente condiviso \u00e8 quello di portare avanti un'opera di sensibilizzazione culturale, capace di creare ricadute materiali in termini occupazionali. - ha spiegato l\u2019Assessore Dessena -&nbsp;&nbsp;Spesso, a causa della poca informazione sul tema e sulle normative vigenti, dietro le cosiddette liste provinciali disabili, si nascondono infatti professionalit\u00e0 importanti e qualifiche continuamente aggiornate, come ad esempio nel campo dell\u2019informatica. La dignit\u00e0 di ciascun essere umano parte proprio dalla possibilit\u00e0 di autodeterminare la propria vita e&nbsp;il lavoro - conclude Dessena ne rappresenta la premessa, a cui ogni societ\u00e0 civile deve e dovrebbe tendere\u201d. Red-com<\/SPAN><\/p>\n","protected":false},"excerpt":{"rendered":"<p>Si \u00e8 insediata ieri mattina, negli uffici del Settore Lavoro della Provincia di Nuoro, la Commissione Provinciale per l\u2019inserimento mirato dei Disabili e delle Categorie&#8230;<\/p>\n","protected":false},"author":2,"featured_media":9387,"comment_status":"closed","ping_status":"closed","sticky":false,"template":"","format":"standard","meta":[],"categories":[49],"tags":[],"_links":{"self":[{"href":"https:\/\/www.cronacaonline.it\/index.php\/wp-json\/wp\/v2\/posts\/67489"}],"collection":[{"href":"https:\/\/www.cronacaonline.it\/index.php\/wp-json\/wp\/v2\/posts"}],"about":[{"href":"https:\/\/www.cronacaonline.it\/index.php\/wp-json\/wp\/v2\/types\/post"}],"author":[{"embeddable":true,"href":"https:\/\/www.cronacaonline.it\/index.php\/wp-json\/wp\/v2\/users\/2"}],"replies":[{"embeddable":true,"href":"https:\/\/www.cronacaonline.it\/index.php\/wp-json\/wp\/v2\/comments?post=67489"}],"version-history":[{"count":0,"href":"https:\/\/www.cronacaonline.it\/index.php\/wp-json\/wp\/v2\/posts\/67489\/revisions"}],"wp:featuredmedia":[{"embeddable":true,"href":"https:\/\/www.cronacaonline.it\/index.php\/wp-json\/"}],"wp:attachment":[{"href":"https:\/\/www.cronacaonline.it\/index.php\/wp-json\/wp\/v2\/media?parent=67489"}],"wp:term":[{"taxonomy":"category","embeddable":true,"href":"https:\/\/www.cronacaonline.it\/index.php\/wp-json\/wp\/v2\/categories?post=67489"},{"taxonomy":"post_tag","embeddable":true,"href":"https:\/\/www.cronacaonline.it\/index.php\/wp-json\/wp\/v2\/tags?post=67489"}],"curies":[{"name":"wp","href":"https:\/\/api.w.org\/{rel}","templated":true}]}}