{"id":67471,"date":"2011-05-13T00:00:00","date_gmt":"2011-05-12T22:00:00","guid":{"rendered":"http:\/\/www.cronacaonline.it\/public\/content\/index.php\/2011\/05\/13\/energia-solare-le-prospettive-in-sardegna-inesauribile-pulita-e-sicura\/"},"modified":"2011-05-13T00:00:00","modified_gmt":"2011-05-12T22:00:00","slug":"energia-solare-le-prospettive-in-sardegna-inesauribile-pulita-e-sicura","status":"publish","type":"post","link":"https:\/\/www.cronacaonline.it\/index.php\/2011\/05\/13\/energia-solare-le-prospettive-in-sardegna-inesauribile-pulita-e-sicura\/","title":{"rendered":"Energia solare, le prospettive in Sardegna: Inesauribile, pulita e sicura."},"content":{"rendered":"<p><SPAN style=\"FONT-FAMILY: 'Verdana', 'sans-serif'\">&nbsp;<\/SPAN><\/p>\n<p><SPAN style=\"FONT-FAMILY: 'Verdana', 'sans-serif'\">&nbsp;<\/SPAN><SPAN style=\"FONT-FAMILY: 'Verdana', 'sans-serif'; FONT-SIZE: 14pt\">Domani, sabato 14 <a href=\"http:\/\/www.unica.it\/UserFiles\/File\/Utenti\/verdeoro\/2011_ic_imm\/05mag\/locandina_solare.pdf\" target=\"locandina\" rel=\"noopener noreferrer\"><\/A>maggio, dalle 8,45 alle 13, nell\u2019aula magna di Ingegneria \u2013 piazza d\u2019Armi \u2013<\/SPAN><SPAN style=\"FONT-FAMILY: 'Verdana', 'sans-serif'\"> si tiene il convegno dal titolo \u201cUno spiraglio di luce\u2026 sull\u2019energia solare\u201d. I lavori sono curati da Domenico Salimbeni (dipartimento ingegneria elettrica ed elettronica) dell\u2019ateneo di Cagliari.<\/SPAN><\/p>\n<p><SPAN style=\"FONT-FAMILY: 'Verdana', 'sans-serif'\"><\/SPAN><SPAN style=\"FONT-FAMILY: 'Verdana', 'sans-serif'; FONT-SIZE: 14pt\">Il tema.<\/SPAN><SPAN style=\"FONT-FAMILY: 'Verdana', 'sans-serif'\"> La disponibilit\u00e0 di energia inesauribile, pulita, sicura e affidabile \u00e8 uno dei prerequisiti per lo sviluppo di una societ\u00e0 sostenibile. Per\u00f2, per assicurare la sicurezza e la sostenibilit\u00e0 delle forniture energetiche \u00e8 necessario diversificare gli approvvigionamenti ricorrendo a risorse differenti, comprese le forme rinnovabili tra cui, in particolare, l\u2019energia solare.<\/SPAN><\/p>\n<p><SPAN style=\"FONT-FAMILY: 'Verdana', 'sans-serif'\"><\/SPAN><SPAN style=\"FONT-FAMILY: 'Verdana', 'sans-serif'\">Al convegno, promosso anche da <a title=\"www.legambientesardegna.com\" href=\"http:\/\/www.legambientesardegna.com\" target=\"_blank\" rel=\"noopener noreferrer\"><SPAN style=\"COLOR: windowtext\">Legambiente Sardegna<\/SPAN><\/A> e dall\u2019<A href=\"mailto:2010.polar@libero.it\"><SPAN style=\"COLOR: windowtext\">Onlus culturale Polar<\/SPAN><\/A>, intervengono Giorgio Massacci (preside di Ingegneria), Sergio Sassu (presidente Onlus Polar), Domenico Salimbeni (docente di controllo impianti termici), Vincenzo Tiana (presidente Legambiente Sardegna), Ubaldo Carlini e Stefano Mariotti (assegnisti di ricerca, Fisica tecnica), Alfonso Damiano (docente energetica elettrica) e Gianluca Gatto (docente di compatibilit\u00e0 elettromagnetica nei sistemi energetici).<\/SPAN><\/p>\n<p><SPAN style=\"FONT-FAMILY: 'Verdana', 'sans-serif'\"><\/SPAN>&nbsp;<\/p>\n","protected":false},"excerpt":{"rendered":"<p>&nbsp; &nbsp;Domani, sabato 14 maggio, dalle 8,45 alle 13, nell\u2019aula magna di Ingegneria \u2013 piazza d\u2019Armi \u2013 si tiene il convegno dal titolo \u201cUno spiraglio&#8230;<\/p>\n","protected":false},"author":2,"featured_media":0,"comment_status":"closed","ping_status":"closed","sticky":false,"template":"","format":"standard","meta":[],"categories":[49],"tags":[],"_links":{"self":[{"href":"https:\/\/www.cronacaonline.it\/index.php\/wp-json\/wp\/v2\/posts\/67471"}],"collection":[{"href":"https:\/\/www.cronacaonline.it\/index.php\/wp-json\/wp\/v2\/posts"}],"about":[{"href":"https:\/\/www.cronacaonline.it\/index.php\/wp-json\/wp\/v2\/types\/post"}],"author":[{"embeddable":true,"href":"https:\/\/www.cronacaonline.it\/index.php\/wp-json\/wp\/v2\/users\/2"}],"replies":[{"embeddable":true,"href":"https:\/\/www.cronacaonline.it\/index.php\/wp-json\/wp\/v2\/comments?post=67471"}],"version-history":[{"count":0,"href":"https:\/\/www.cronacaonline.it\/index.php\/wp-json\/wp\/v2\/posts\/67471\/revisions"}],"wp:attachment":[{"href":"https:\/\/www.cronacaonline.it\/index.php\/wp-json\/wp\/v2\/media?parent=67471"}],"wp:term":[{"taxonomy":"category","embeddable":true,"href":"https:\/\/www.cronacaonline.it\/index.php\/wp-json\/wp\/v2\/categories?post=67471"},{"taxonomy":"post_tag","embeddable":true,"href":"https:\/\/www.cronacaonline.it\/index.php\/wp-json\/wp\/v2\/tags?post=67471"}],"curies":[{"name":"wp","href":"https:\/\/api.w.org\/{rel}","templated":true}]}}