{"id":67394,"date":"2011-05-10T00:00:00","date_gmt":"2011-05-09T22:00:00","guid":{"rendered":"http:\/\/www.cronacaonline.it\/public\/content\/index.php\/2011\/05\/10\/ricerca-semantica-e-informazione-brevettuale-assemblea-e-convegno-aidb-2011-pula-11-12-maggio-2011\/"},"modified":"2011-05-10T00:00:00","modified_gmt":"2011-05-09T22:00:00","slug":"ricerca-semantica-e-informazione-brevettuale-assemblea-e-convegno-aidb-2011-pula-11-12-maggio-2011","status":"publish","type":"post","link":"https:\/\/www.cronacaonline.it\/index.php\/2011\/05\/10\/ricerca-semantica-e-informazione-brevettuale-assemblea-e-convegno-aidb-2011-pula-11-12-maggio-2011\/","title":{"rendered":"Ricerca semantica e informazione brevettuale Assemblea e convegno AIDB 2011, Pula, 11-12 maggio 2011"},"content":{"rendered":"<p><SPAN style=\"LINE-HEIGHT: 115%; FONT-FAMILY: 'Verdana', 'sans-serif'; FONT-SIZE: 12pt\">Mercoled\u00ec 11 e gioved\u00ec 12 maggio,<SPAN class=apple-converted-space><SPAN style=\"COLOR: black\">&nbsp;<\/SPAN><\/SPAN>Sardegna Ricerche<SPAN class=apple-converted-space><SPAN style=\"COLOR: black\">&nbsp;<\/SPAN><\/SPAN>ospita presso la sua sede di Pula (Parco scientifico e tecnologico della Sardegna, edificio 2, loc. Piscinamanna) a Pula (CA), l'assemblea e il convegno annuale dell'AIDB&#8209;Associazione Italiana Documentalisti Brevettuali, sul tema:<SPAN class=apple-converted-space><SPAN style=\"COLOR: black\">&nbsp;<\/SPAN><\/SPAN><SPAN style=\"mso-bidi-font-style: italic\">\"Semantica &amp; family - Rischi e opportunit\u00e0 degli strumenti automatici di ricerca nell'era di Google\"<\/SPAN>.<U1:P><\/U1:P><\/SPAN><\/p>\n<p><SPAN style=\"LINE-HEIGHT: 115%; FONT-FAMILY: 'Verdana', 'sans-serif'; FONT-SIZE: 12pt\">Giunto alla sua settima edizione, il Convegno annuale dell'AIDB (gioved\u00ec 12 maggio) \u00e8 l'evento nazionale di riferimento nel settore dell'informazione tecnico-scientifica e legale, la cui importanza \u00e8 rappresentata dai milioni di brevetti che costituiscono un archivio internazionale enorme, ma ancora poco sfruttato.<U1:P><\/U1:P><\/SPAN><\/p>\n<p><SPAN style=\"LINE-HEIGHT: 115%; FONT-FAMILY: 'Verdana', 'sans-serif'; FONT-SIZE: 12pt\">Quest'anno il convegno si propone di esplorare il mondo della ricerca semantica nei suoi diversi e affascinanti aspetti, come il riconoscimento delle immagini e delle formule chimiche, presentando alcune tra le realt\u00e0 scientifiche nazionali e internazionali pi\u00f9 illustri e un originale<SPAN class=apple-converted-space><SPAN style=\"COLOR: black\">&nbsp;<\/SPAN><\/SPAN><I>\"Semantic Contest\"<\/I><SPAN class=apple-converted-space><SPAN style=\"COLOR: black\">&nbsp;<\/SPAN><\/SPAN>in cui i soci AIDB illustreranno i risultati di un test indipendente effettuato utilizzando alcuni strumenti attualmente in commercio.<U1:P><\/U1:P><\/SPAN><\/p>\n<p><SPAN style=\"LINE-HEIGHT: 115%; FONT-FAMILY: 'Verdana', 'sans-serif'; FONT-SIZE: 12pt\">L'Assemblea dell'AIDB, riservata ai soci, di terr\u00e0 nel pomeriggio di<SPAN class=apple-converted-space><SPAN style=\"COLOR: black\">&nbsp;<\/SPAN><\/SPAN>mercoled\u00ec 11, e sar\u00e0 preceduta dai<SPAN class=apple-converted-space><SPAN style=\"COLOR: black\">&nbsp;<\/SPAN><\/SPAN>workshop<SPAN class=apple-converted-space><SPAN style=\"COLOR: black\">&nbsp;<\/SPAN><\/SPAN>tenuti da alcuni fornitori internazionali di database e servizi di informazione online (Infoapps, Dialog, STN\/CAS\/FIZ Karlsruhe, Patbase, Questel, Thomson Reuters). Questi ultimi terranno anche degli<SPAN class=apple-converted-space><SPAN style=\"COLOR: black\">&nbsp;<\/SPAN><\/SPAN>stand espositivi<SPAN class=apple-converted-space><SPAN style=\"COLOR: black\">&nbsp;<\/SPAN><\/SPAN>durante le due giornate.<U1:P><\/U1:P><\/SPAN><\/p>\n<p><SPAN style=\"LINE-HEIGHT: 115%; FONT-FAMILY: 'Verdana', 'sans-serif'; FONT-SIZE: 12pt\">Le lingue ufficiali dell'evento sono l'italiano e l'inglese. \u00c8 previsto un servizio di traduzione simultanea.<U1:P><\/U1:P><\/SPAN><\/p>\n<p><SPAN style=\"LINE-HEIGHT: 115%; FONT-FAMILY: 'Verdana', 'sans-serif'; FONT-SIZE: 12pt\">L'evento \u00e8 organizzato in collaborazione con<SPAN class=apple-converted-space><SPAN style=\"COLOR: black\">&nbsp;<\/SPAN><\/SPAN>Sardegna Ricerche, l'ente regionale che gestisce il Parco scientifico e tecnologico della Sardegna e che, tra i suoi servizi d'innovazione, offre un Centro di documentazione che fa parte della rete europea<SPAN class=apple-converted-space><SPAN style=\"COLOR: black\">&nbsp;<\/SPAN><\/SPAN>PatLib, un servizio di consulenza brevettuale, un centro di prototipazione per i dispositivi medicali, e ha appena inaugurato<SPAN class=apple-converted-space><SPAN style=\"COLOR: black\">&nbsp;<\/SPAN><\/SPAN>Punto Cartesiano, un portale web dedicato ai temi della propriet\u00e0 intellettuale (<SPAN style=\"COLOR: #0070c0\"><a href=\"http:\/\/www.puntocartesiano.it\/\" target=\"_blank\" rel=\"noopener noreferrer\"><B>www.puntocartesiano.it<\/B><\/A><\/SPAN>). Red-com<\/SPAN><\/p>\n","protected":false},"excerpt":{"rendered":"<p>Mercoled\u00ec 11 e gioved\u00ec 12 maggio,&nbsp;Sardegna Ricerche&nbsp;ospita presso la sua sede di Pula (Parco scientifico e tecnologico della Sardegna, edificio 2, loc. Piscinamanna) a Pula&#8230;<\/p>\n","protected":false},"author":2,"featured_media":9395,"comment_status":"closed","ping_status":"closed","sticky":false,"template":"","format":"standard","meta":[],"categories":[49],"tags":[],"_links":{"self":[{"href":"https:\/\/www.cronacaonline.it\/index.php\/wp-json\/wp\/v2\/posts\/67394"}],"collection":[{"href":"https:\/\/www.cronacaonline.it\/index.php\/wp-json\/wp\/v2\/posts"}],"about":[{"href":"https:\/\/www.cronacaonline.it\/index.php\/wp-json\/wp\/v2\/types\/post"}],"author":[{"embeddable":true,"href":"https:\/\/www.cronacaonline.it\/index.php\/wp-json\/wp\/v2\/users\/2"}],"replies":[{"embeddable":true,"href":"https:\/\/www.cronacaonline.it\/index.php\/wp-json\/wp\/v2\/comments?post=67394"}],"version-history":[{"count":0,"href":"https:\/\/www.cronacaonline.it\/index.php\/wp-json\/wp\/v2\/posts\/67394\/revisions"}],"wp:featuredmedia":[{"embeddable":true,"href":"https:\/\/www.cronacaonline.it\/index.php\/wp-json\/"}],"wp:attachment":[{"href":"https:\/\/www.cronacaonline.it\/index.php\/wp-json\/wp\/v2\/media?parent=67394"}],"wp:term":[{"taxonomy":"category","embeddable":true,"href":"https:\/\/www.cronacaonline.it\/index.php\/wp-json\/wp\/v2\/categories?post=67394"},{"taxonomy":"post_tag","embeddable":true,"href":"https:\/\/www.cronacaonline.it\/index.php\/wp-json\/wp\/v2\/tags?post=67394"}],"curies":[{"name":"wp","href":"https:\/\/api.w.org\/{rel}","templated":true}]}}