{"id":67339,"date":"2011-05-08T00:00:00","date_gmt":"2011-05-07T22:00:00","guid":{"rendered":"http:\/\/www.cronacaonline.it\/public\/content\/index.php\/2011\/05\/08\/monumenti-aperti-presidente-cappellacci-apre-villa-devoto-ai-sardi-tutte-le-domeniche-concerti-nel-parco-dellautonomia\/"},"modified":"2011-05-08T00:00:00","modified_gmt":"2011-05-07T22:00:00","slug":"monumenti-aperti-presidente-cappellacci-apre-villa-devoto-ai-sardi-tutte-le-domeniche-concerti-nel-parco-dellautonomia","status":"publish","type":"post","link":"https:\/\/www.cronacaonline.it\/index.php\/2011\/05\/08\/monumenti-aperti-presidente-cappellacci-apre-villa-devoto-ai-sardi-tutte-le-domeniche-concerti-nel-parco-dellautonomia\/","title":{"rendered":"Monumenti aperti: presidente Cappellacci apre villa devoto ai sardi. Tutte le domeniche concerti nel parco dell\u2019autonomia"},"content":{"rendered":"<p><SPAN style=\"LINE-HEIGHT: 115%; FONT-FAMILY: 'Verdana', 'sans-serif'; FONT-SIZE: 12pt; mso-fareast-font-family: 'Times New Roman'; mso-bidi-font-family: Arial\"><SPAN style=\"mso-spacerun: yes\">&nbsp;<\/SPAN>\u201cQuesta \u00e8 la casa dei sardi e, come tale, rimarr\u00e0 aperta al pubblico tutte le domeniche per arricchire l\u2019offerta culturale della citt\u00e0 e di tutta la Sardegna\u201d. L\u2019ha detto il presidente della Regione, Ugo Cappellacci, inaugurando assieme al Sindaco di Cagliari, Emilio Floris, la manifestazione Monumenti Aperti che quest\u2019anno, per la prima volta, pu\u00f2 annoverare tra gli inediti l\u2019apertura di Villa Devoto.<\/SPAN><\/p>\n<p><SPAN style=\"LINE-HEIGHT: 115%; FONT-FAMILY: 'Verdana', 'sans-serif'; FONT-SIZE: 12pt; mso-fareast-font-family: 'Times New Roman'; mso-bidi-font-family: Arial\">L\u2019edificio, realizzato&nbsp;tra il&nbsp;1915 e il 1919&nbsp;da&nbsp;Gerolamo&nbsp;e Oddone&nbsp;Devoto,&nbsp;\u00e8 diventato nel 1995 di propriet\u00e0 della Regione e, attualmente, \u00e8 sede di rappresentanza della Presidenza. I numerosi visitatori hanno cos\u00ec potuto ammirare il grande parco della villa, denominato Parco dell\u2019Autonomia, che ha un\u2019estensione di circa 17.000 metri quadrati con numerose specie di rarit\u00e0 assoluta e con alberi monumentali. \u201cLa Villa \u2013 ha annunciato il presidente - ospiter\u00e0 anche concerti delle scuole civiche di musica per allietare i cittadini che, oltre a visitare il Parco, potranno intrattenersi con momenti musicali che renderanno Villa Devoto pi\u00f9 accogliente e vivibile\u201d.&nbsp;<SPAN style=\"mso-bidi-font-style: italic\">Red<\/SPAN><\/SPAN><\/p>\n","protected":false},"excerpt":{"rendered":"<p>&nbsp;\u201cQuesta \u00e8 la casa dei sardi e, come tale, rimarr\u00e0 aperta al pubblico tutte le domeniche per arricchire l\u2019offerta culturale della citt\u00e0 e di tutta&#8230;<\/p>\n","protected":false},"author":2,"featured_media":0,"comment_status":"closed","ping_status":"closed","sticky":false,"template":"","format":"standard","meta":[],"categories":[49],"tags":[],"_links":{"self":[{"href":"https:\/\/www.cronacaonline.it\/index.php\/wp-json\/wp\/v2\/posts\/67339"}],"collection":[{"href":"https:\/\/www.cronacaonline.it\/index.php\/wp-json\/wp\/v2\/posts"}],"about":[{"href":"https:\/\/www.cronacaonline.it\/index.php\/wp-json\/wp\/v2\/types\/post"}],"author":[{"embeddable":true,"href":"https:\/\/www.cronacaonline.it\/index.php\/wp-json\/wp\/v2\/users\/2"}],"replies":[{"embeddable":true,"href":"https:\/\/www.cronacaonline.it\/index.php\/wp-json\/wp\/v2\/comments?post=67339"}],"version-history":[{"count":0,"href":"https:\/\/www.cronacaonline.it\/index.php\/wp-json\/wp\/v2\/posts\/67339\/revisions"}],"wp:attachment":[{"href":"https:\/\/www.cronacaonline.it\/index.php\/wp-json\/wp\/v2\/media?parent=67339"}],"wp:term":[{"taxonomy":"category","embeddable":true,"href":"https:\/\/www.cronacaonline.it\/index.php\/wp-json\/wp\/v2\/categories?post=67339"},{"taxonomy":"post_tag","embeddable":true,"href":"https:\/\/www.cronacaonline.it\/index.php\/wp-json\/wp\/v2\/tags?post=67339"}],"curies":[{"name":"wp","href":"https:\/\/api.w.org\/{rel}","templated":true}]}}