{"id":67338,"date":"2011-05-11T00:00:00","date_gmt":"2011-05-10T22:00:00","guid":{"rendered":"http:\/\/www.cronacaonline.it\/public\/content\/index.php\/2011\/05\/11\/la-spisa-interesse-della-regione-e-quello-di-favorire-lo-sviluppo-delle-attivita-produttive-nellarea-portuale\/"},"modified":"2011-05-11T00:00:00","modified_gmt":"2011-05-10T22:00:00","slug":"la-spisa-interesse-della-regione-e-quello-di-favorire-lo-sviluppo-delle-attivita-produttive-nellarea-portuale","status":"publish","type":"post","link":"https:\/\/www.cronacaonline.it\/index.php\/2011\/05\/11\/la-spisa-interesse-della-regione-e-quello-di-favorire-lo-sviluppo-delle-attivita-produttive-nellarea-portuale\/","title":{"rendered":"La Spisa \u201cInteresse della Regione \u00e8 quello di favorire lo sviluppo delle attivit\u00e0 produttive nell\u2019area portuale\u201d"},"content":{"rendered":"<p><SPAN style=\"LINE-HEIGHT: 115%; FONT-FAMILY: 'Verdana', 'sans-serif'; FONT-SIZE: 12pt; mso-fareast-language: IT\">\u201cL\u2019interesse della Regione \u00e8 quello di favorire lo sviluppo delle attivit\u00e0 produttive nell\u2019area portuale. Non abbiamo autorit\u00e0 per poter intervenire nel merito della questione che \u00e8 attualmente al vaglio dei giudici. Nel corso dell\u2019incontro \u00e8 emersa la possibilit\u00e0 di una soluzione provvisoria che alcune autorit\u00e0 statali hanno ritenuto legittima, per la quale, entro pochi giorni, attraverso l\u2019apertura di un tavolo tecnico, sar\u00e0 valutata la praticabilit\u00e0\u201d.&nbsp;&nbsp;&nbsp;<\/SPAN><\/p>\n<p><SPAN style=\"LINE-HEIGHT: 115%; FONT-FAMILY: 'Verdana', 'sans-serif'; FONT-SIZE: 12pt; mso-fareast-language: IT\">E\u2019 quanto ha affermato il vice presidente della Regione e assessore della Programmazione, Giorgio La Spisa, che questa mattina ha presieduto l\u2019incontro del Comitato Interassessoriale per le emergenze, convocato per esaminare la situazione relativa alle imprese di logistica che operano nell\u2019area industriale di Cagliari in merito alla ridelimitazione delle aree portuali, al quale hanno preso parte i rappresentanti della direzione generale della presidenza, dell\u2019assessorato dell\u2019industria, della Sfirs, del Centro regionale di Programmazione, della Capitaneria di Porto, dell\u2019Autorit\u00e0 Portuale di Cagliari, dell\u2019Agenzia del Demanio, del Cacip e della Confindustria. Red<\/SPAN><\/p>\n<p><SPAN style=\"FONT-FAMILY: 'Verdana', 'sans-serif'; mso-bidi-font-family: 'Times New Roman'; mso-fareast-font-family: 'Times New Roman'; mso-fareast-language: IT\">&nbsp;<\/SPAN><\/p>\n","protected":false},"excerpt":{"rendered":"<p>\u201cL\u2019interesse della Regione \u00e8 quello di favorire lo sviluppo delle attivit\u00e0 produttive nell\u2019area portuale. Non abbiamo autorit\u00e0 per poter intervenire nel merito della questione che&#8230;<\/p>\n","protected":false},"author":2,"featured_media":9286,"comment_status":"closed","ping_status":"closed","sticky":false,"template":"","format":"standard","meta":[],"categories":[49],"tags":[],"_links":{"self":[{"href":"https:\/\/www.cronacaonline.it\/index.php\/wp-json\/wp\/v2\/posts\/67338"}],"collection":[{"href":"https:\/\/www.cronacaonline.it\/index.php\/wp-json\/wp\/v2\/posts"}],"about":[{"href":"https:\/\/www.cronacaonline.it\/index.php\/wp-json\/wp\/v2\/types\/post"}],"author":[{"embeddable":true,"href":"https:\/\/www.cronacaonline.it\/index.php\/wp-json\/wp\/v2\/users\/2"}],"replies":[{"embeddable":true,"href":"https:\/\/www.cronacaonline.it\/index.php\/wp-json\/wp\/v2\/comments?post=67338"}],"version-history":[{"count":0,"href":"https:\/\/www.cronacaonline.it\/index.php\/wp-json\/wp\/v2\/posts\/67338\/revisions"}],"wp:featuredmedia":[{"embeddable":true,"href":"https:\/\/www.cronacaonline.it\/index.php\/wp-json\/"}],"wp:attachment":[{"href":"https:\/\/www.cronacaonline.it\/index.php\/wp-json\/wp\/v2\/media?parent=67338"}],"wp:term":[{"taxonomy":"category","embeddable":true,"href":"https:\/\/www.cronacaonline.it\/index.php\/wp-json\/wp\/v2\/categories?post=67338"},{"taxonomy":"post_tag","embeddable":true,"href":"https:\/\/www.cronacaonline.it\/index.php\/wp-json\/wp\/v2\/tags?post=67338"}],"curies":[{"name":"wp","href":"https:\/\/api.w.org\/{rel}","templated":true}]}}