{"id":67334,"date":"2011-05-10T00:00:00","date_gmt":"2011-05-09T22:00:00","guid":{"rendered":"http:\/\/www.cronacaonline.it\/public\/content\/index.php\/2011\/05\/10\/sinistra-ecologia-e-liberta-comunisti-indipendentistas-sugli-emendamenti-al-collegato-alla-finanziaria-e-la-campagna-per-il-si-al-referendum-sul-nucleare\/"},"modified":"2011-05-10T00:00:00","modified_gmt":"2011-05-09T22:00:00","slug":"sinistra-ecologia-e-liberta-comunisti-indipendentistas-sugli-emendamenti-al-collegato-alla-finanziaria-e-la-campagna-per-il-si-al-referendum-sul-nucleare","status":"publish","type":"post","link":"https:\/\/www.cronacaonline.it\/index.php\/2011\/05\/10\/sinistra-ecologia-e-liberta-comunisti-indipendentistas-sugli-emendamenti-al-collegato-alla-finanziaria-e-la-campagna-per-il-si-al-referendum-sul-nucleare\/","title":{"rendered":"Sinistra ecologia e libert\u00e0, Comunisti, Indipendentistas sugli emendamenti al collegato alla finanziaria e la campagna per il SI al referendum sul nucleare"},"content":{"rendered":"<p><SPAN style=\"LINE-HEIGHT: 115%; FONT-FAMILY: 'Verdana', 'sans-serif'; FONT-SIZE: 12pt\">\u201cSosteniamo in modo convinto il SI al referendum sul nucleare e, per quanto riguarda la Sardegna, chiediamo al pi\u00f9 presto un piano energetico regionale caratterizzato per la scelta a favore delle energie rinnovabili e pulite\u201d. Lo ha dichiarato l\u2019On. Luciano Uras (Sinistra, ecologia e libert\u00e0, Comunisti, Indipendentistas) illustrando in una conferenza stampa la posizione del partito sul referendum regionale del 15 e 16 maggio prossimi.<\/SPAN><\/p>\n<p><SPAN style=\"LINE-HEIGHT: 115%; FONT-FAMILY: 'Verdana', 'sans-serif'; FONT-SIZE: 12pt\">Uras si \u00e8 poi soffermato su alcuni emendamenti \u201ca costo zero\u201d che il suo gruppo presenter\u00e0 sul collegato alla finanziaria, uno dei quali riguarda proprio le problematiche ambientali. \u201cSi tratta-ha spiegato l\u2019On. Uras-di creare un coordinamento a livello regionale fra tutte le strutture pubbliche che si occupano di prevenzione e di gestione delle emergenze ambientali. Se la regione avesse avuto una struttura di questo tipo, i problemi verificatisi a Porto Torres, Portoscuso e nelle stesse aree sottoposte a servit\u00f9 militari, sarebbero stati affrontati in modo pi\u00f9 rapido ed efficace.\u201d<\/SPAN><\/p>\n<p><SPAN style=\"LINE-HEIGHT: 115%; FONT-FAMILY: 'Verdana', 'sans-serif'; FONT-SIZE: 12pt\">Il gruppo-ha proseguito Uras-proporr\u00e0 anche altri emendamenti: per il ripristino del controllo preventivo di legittimit\u00e0 sugli atti della regione e degli enti locali, l\u2019abolizione della direzione generale del personale, e l\u2019estensione anche ai soggetti aggiudicatari di contratti in materia di pubblicit\u00e0 istituzionale e comunicazione, dell\u2019obbligo di certificare la regolarit\u00e0 del trattamento retributivo e previdenziale dei propri dipendenti.<\/SPAN><\/p>\n<p><SPAN style=\"LINE-HEIGHT: 115%; FONT-FAMILY: 'Verdana', 'sans-serif'; FONT-SIZE: 12pt\">L\u2019On. Massimo Zedda, dopo aver polemizzato con il Presidente della regione Cappellacci, \u201cper aver promesso risorse ad un candidato sindaco anzich\u00e9 a tutta la citt\u00e0 di Cagliari\u201d, ha affermato che l\u2019occasione del referendum va colta \u201canche per lanciare una idea di citt\u00e0 non solo denuclearizzata, ma che vuole investire sulla riqualificazione del patrimonio edilizio<SPAN style=\"mso-spacerun: yes\">&nbsp; <\/SPAN>e su nuove tecniche costruttive fondate sul risparmio energetico e la sostenibilit\u00e0 ambientale.\u201d<\/SPAN><\/p>\n<p><SPAN style=\"LINE-HEIGHT: 115%; FONT-FAMILY: 'Verdana', 'sans-serif'; FONT-SIZE: 12pt\">Questo approccio al problema energetico, ha precisato l\u2019On. Zedda, \u201cva oltre l\u2019urbanistica perch\u00e9 \u00e8 fortemente legato, ad esempio, alla questione dei rifiuti. Dalla raccolta differenziata al riuso di alcuni materiali si possono creare le condizioni per migliorare la qualit\u00e0 della vita nelle aree urbane e creare anche nuovi posti di lavoro grazie all\u2019innovazione tecnologica e all\u2019utilizzo di nuove professionalit\u00e0\u201d.<\/SPAN><\/p>\n<p><SPAN style=\"LINE-HEIGHT: 115%; FONT-FAMILY: 'Verdana', 'sans-serif'; FONT-SIZE: 12pt\">Michele Piras, coordinatore regionale di Sinistra, ecologia e libert\u00e0, ha infine sottolineato che, sul nucleare, \u201c\u00e8 positivo constatare la presenza di un fronte del SI esteso praticamente a tutto l\u2019arco parlamentare, per\u00f2 bisognerebbe spiegare perch\u00e9 si \u00e8 contro l\u2019energia atomica in Sardegna e, invece, la si difende a Roma.\u201d<\/SPAN><\/p>\n<p><SPAN style=\"LINE-HEIGHT: 115%; FONT-FAMILY: 'Verdana', 'sans-serif'; FONT-SIZE: 12pt\">La sostenibilit\u00e0 ambientale-ha continuato-\u00e8 un problema globale \u201ce non ci si pu\u00f2 proclamare contro l\u2019energia nucleare per poi fare politiche di segno opposto sui rifiuti o sulle bonifiche dei siti industriali inquinati. Per questo il referendum sardo avr\u00e0 un valore nazionale, ma anche generale nel senso che aprir\u00e0 la strada ad una complessiva inversione di tendenza\u201d.<\/SPAN><\/p>\n","protected":false},"excerpt":{"rendered":"<p>\u201cSosteniamo in modo convinto il SI al referendum sul nucleare e, per quanto riguarda la Sardegna, chiediamo al pi\u00f9 presto un piano energetico regionale caratterizzato&#8230;<\/p>\n","protected":false},"author":2,"featured_media":0,"comment_status":"closed","ping_status":"closed","sticky":false,"template":"","format":"standard","meta":[],"categories":[49],"tags":[],"_links":{"self":[{"href":"https:\/\/www.cronacaonline.it\/index.php\/wp-json\/wp\/v2\/posts\/67334"}],"collection":[{"href":"https:\/\/www.cronacaonline.it\/index.php\/wp-json\/wp\/v2\/posts"}],"about":[{"href":"https:\/\/www.cronacaonline.it\/index.php\/wp-json\/wp\/v2\/types\/post"}],"author":[{"embeddable":true,"href":"https:\/\/www.cronacaonline.it\/index.php\/wp-json\/wp\/v2\/users\/2"}],"replies":[{"embeddable":true,"href":"https:\/\/www.cronacaonline.it\/index.php\/wp-json\/wp\/v2\/comments?post=67334"}],"version-history":[{"count":0,"href":"https:\/\/www.cronacaonline.it\/index.php\/wp-json\/wp\/v2\/posts\/67334\/revisions"}],"wp:attachment":[{"href":"https:\/\/www.cronacaonline.it\/index.php\/wp-json\/wp\/v2\/media?parent=67334"}],"wp:term":[{"taxonomy":"category","embeddable":true,"href":"https:\/\/www.cronacaonline.it\/index.php\/wp-json\/wp\/v2\/categories?post=67334"},{"taxonomy":"post_tag","embeddable":true,"href":"https:\/\/www.cronacaonline.it\/index.php\/wp-json\/wp\/v2\/tags?post=67334"}],"curies":[{"name":"wp","href":"https:\/\/api.w.org\/{rel}","templated":true}]}}