{"id":67224,"date":"2011-05-12T00:00:00","date_gmt":"2011-05-11T22:00:00","guid":{"rendered":"http:\/\/www.cronacaonline.it\/public\/content\/index.php\/2011\/05\/12\/pregiudicato-di-quartu-se-arrestato-dalla-polizia-per-rapina-aggravata-e-indagato-per-guida-senza-patente\/"},"modified":"2011-05-12T00:00:00","modified_gmt":"2011-05-11T22:00:00","slug":"pregiudicato-di-quartu-se-arrestato-dalla-polizia-per-rapina-aggravata-e-indagato-per-guida-senza-patente","status":"publish","type":"post","link":"https:\/\/www.cronacaonline.it\/index.php\/2011\/05\/12\/pregiudicato-di-quartu-se-arrestato-dalla-polizia-per-rapina-aggravata-e-indagato-per-guida-senza-patente\/","title":{"rendered":"Pregiudicato di Quartu S.E. arrestato dalla Polizia per rapina aggravata e indagato per guida senza patente."},"content":{"rendered":"<p><SPAN style=\"FONT-FAMILY: 'Verdana', 'sans-serif'\">Alle ore 21.35 circa di ieri gli agenti della Squadra Volanti del Commissariato di Quartu S.Eelena hanno arrestato Massimiliano Puddu, di 43 anni, con l\u2019accusa di rapina aggravata. Inoltre \u00e8 indagato in stato di libert\u00e0 per guida senza patente. <\/SPAN><\/p>\n<p><SPAN style=\"FONT-FAMILY: 'Verdana', 'sans-serif'\">La Polizia \u00e8 intervenuta<SPAN style=\"mso-spacerun: yes\">&nbsp; <\/SPAN>in via Malta a Quartu, dopo una segnalazione telefonica che informava che un individuo armato di pistola aveva poco prima aveva compiuto una rapina in un bar della via.<\/SPAN><\/p>\n<p><SPAN style=\"FONT-FAMILY: 'Verdana', 'sans-serif'\">Subito dopo \u00e8 giunta anche un\u2019altra chiamata con la quale si segnalava una persona che poco prima aveva urtato con il suo scooter era andato a finire contro una vettura ferma, sempre in via Malta, e qui il presunto rapinatore aveva lasciato a terra il mezzo ed era scappato a piedi.<\/SPAN><\/p>\n<p><SPAN style=\"FONT-FAMILY: 'Verdana', 'sans-serif'\">In seguito gli agenti dopo aver raggiunto il luogo della rapina hanno raccolto il racconto delle cassiere, che si sono viste portare via una cassetta con dentro 550 euro, e poi la descrizione del rapinatore. Quindi, avviate le indagini, gli aventi, avendo capito di chi poteva trattarsi, si sono diretti verso la casa dell\u2019indiziato e qui, hanno trovato l\u2019uomo ferito ad una gamba, per via della caduta dal motorino e in questo era stata trovata la cassetta con i soldi. Quindi Puddu \u00e8 stato dichiarato in arresto e portato in ufficio dove, dopo le formalit\u00e0 di legge, \u00e8 stato portato e poi piantonato presso il reparto di \u201c Chirurgia Ortopedica \u201c dell\u2019Ospedale \u201c Marino\u201d, dove gli hanno curato le ferite alla gamba.<\/SPAN><\/p>\n<p><SPAN style=\"FONT-FAMILY: 'Verdana', 'sans-serif'\">&nbsp;<\/SPAN><\/p>\n","protected":false},"excerpt":{"rendered":"<p>Alle ore 21.35 circa di ieri gli agenti della Squadra Volanti del Commissariato di Quartu S.Eelena hanno arrestato Massimiliano Puddu, di 43 anni, con l\u2019accusa&#8230;<\/p>\n","protected":false},"author":2,"featured_media":9305,"comment_status":"closed","ping_status":"closed","sticky":false,"template":"","format":"standard","meta":[],"categories":[49],"tags":[],"_links":{"self":[{"href":"https:\/\/www.cronacaonline.it\/index.php\/wp-json\/wp\/v2\/posts\/67224"}],"collection":[{"href":"https:\/\/www.cronacaonline.it\/index.php\/wp-json\/wp\/v2\/posts"}],"about":[{"href":"https:\/\/www.cronacaonline.it\/index.php\/wp-json\/wp\/v2\/types\/post"}],"author":[{"embeddable":true,"href":"https:\/\/www.cronacaonline.it\/index.php\/wp-json\/wp\/v2\/users\/2"}],"replies":[{"embeddable":true,"href":"https:\/\/www.cronacaonline.it\/index.php\/wp-json\/wp\/v2\/comments?post=67224"}],"version-history":[{"count":0,"href":"https:\/\/www.cronacaonline.it\/index.php\/wp-json\/wp\/v2\/posts\/67224\/revisions"}],"wp:featuredmedia":[{"embeddable":true,"href":"https:\/\/www.cronacaonline.it\/index.php\/wp-json\/"}],"wp:attachment":[{"href":"https:\/\/www.cronacaonline.it\/index.php\/wp-json\/wp\/v2\/media?parent=67224"}],"wp:term":[{"taxonomy":"category","embeddable":true,"href":"https:\/\/www.cronacaonline.it\/index.php\/wp-json\/wp\/v2\/categories?post=67224"},{"taxonomy":"post_tag","embeddable":true,"href":"https:\/\/www.cronacaonline.it\/index.php\/wp-json\/wp\/v2\/tags?post=67224"}],"curies":[{"name":"wp","href":"https:\/\/api.w.org\/{rel}","templated":true}]}}