{"id":67187,"date":"2011-05-11T00:00:00","date_gmt":"2011-05-10T22:00:00","guid":{"rendered":"http:\/\/www.cronacaonline.it\/public\/content\/index.php\/2011\/05\/11\/festa-degli-anziani-dellamministrazione-2011\/"},"modified":"2011-05-11T00:00:00","modified_gmt":"2011-05-10T22:00:00","slug":"festa-degli-anziani-dellamministrazione-2011","status":"publish","type":"post","link":"https:\/\/www.cronacaonline.it\/index.php\/2011\/05\/11\/festa-degli-anziani-dellamministrazione-2011\/","title":{"rendered":"Festa degli anziani dell\u2019amministrazione 2011"},"content":{"rendered":"<p><SPAN style=\"FONT-FAMILY: 'Verdana', 'sans-serif'\">Si \u00e8 celebrata stamane, presso il Circolo Unificato dell\u2019Esercito di Cagliari, alla presenza del Comandante del Comando Militare Autonomo della Sardegna, Generale di Corpo d\u2019Armata Claudio Tozzi, delle Autorit\u00e0 Militari, dei Comandanti e dei Direttori degli Enti e dei Reparti di stanza in Sardegna, la \u201cFesta degli Anziani dell\u2019Amministrazione della Difesa <st1:metricconverter w:st=\"on\" ProductID=\"2011\u201d\">2011\u201d<\/st1:metricconverter>. <\/SPAN><\/p>\n<p><SPAN style=\"FONT-FAMILY: 'Verdana', 'sans-serif'\">Dopo la lettura del messaggio del Ministro della Difesa On. Ignazio <st1:PersonName w:st=\"on\" ProductID=\"LA RUSSA\">La Russa<\/st1:PersonName>, ed una breve allocuzione del Comandante del Comando Militare Autonomo della Sardegna, sono state consegnate agli Impiegati ed agli Operai dipendenti dall\u2019Amministrazione Difesa in servizio presso Enti e Reparti delle Forze Armate di stanza in Sardegna, i diplomi e le medaglie commemorative quale riconoscimento per aver maturato un\u2019anzianit\u00e0 di servizio effettivo di 40 anni (medaglia d\u2019oro), di 30 anni (medaglia d\u2019argento) o di 20 anni (medaglia di bronzo).<\/SPAN><\/p>\n<p><SPAN style=\"FONT-FAMILY: 'Verdana', 'sans-serif'\">I 94 dipendenti dell\u2019Amministrazione Difesa, cos\u00ec come sottolineato dal Comandante del Comando Militare Autonomo della Sardegna nel suo intervento di saluto, hanno cos\u00ec ottenuto un giusto riconoscimento per la dedizione e la professionalit\u00e0 dimostrata nell\u2019ambito dei rispettivi Reparti. Com<\/SPAN><\/p>\n<p><SPAN style=\"FONT-FAMILY: 'Verdana', 'sans-serif'\"><\/SPAN>&nbsp;<\/p>\n","protected":false},"excerpt":{"rendered":"<p>Si \u00e8 celebrata stamane, presso il Circolo Unificato dell\u2019Esercito di Cagliari, alla presenza del Comandante del Comando Militare Autonomo della Sardegna, Generale di Corpo d\u2019Armata&#8230;<\/p>\n","protected":false},"author":2,"featured_media":0,"comment_status":"closed","ping_status":"closed","sticky":false,"template":"","format":"standard","meta":[],"categories":[49],"tags":[],"_links":{"self":[{"href":"https:\/\/www.cronacaonline.it\/index.php\/wp-json\/wp\/v2\/posts\/67187"}],"collection":[{"href":"https:\/\/www.cronacaonline.it\/index.php\/wp-json\/wp\/v2\/posts"}],"about":[{"href":"https:\/\/www.cronacaonline.it\/index.php\/wp-json\/wp\/v2\/types\/post"}],"author":[{"embeddable":true,"href":"https:\/\/www.cronacaonline.it\/index.php\/wp-json\/wp\/v2\/users\/2"}],"replies":[{"embeddable":true,"href":"https:\/\/www.cronacaonline.it\/index.php\/wp-json\/wp\/v2\/comments?post=67187"}],"version-history":[{"count":0,"href":"https:\/\/www.cronacaonline.it\/index.php\/wp-json\/wp\/v2\/posts\/67187\/revisions"}],"wp:attachment":[{"href":"https:\/\/www.cronacaonline.it\/index.php\/wp-json\/wp\/v2\/media?parent=67187"}],"wp:term":[{"taxonomy":"category","embeddable":true,"href":"https:\/\/www.cronacaonline.it\/index.php\/wp-json\/wp\/v2\/categories?post=67187"},{"taxonomy":"post_tag","embeddable":true,"href":"https:\/\/www.cronacaonline.it\/index.php\/wp-json\/wp\/v2\/tags?post=67187"}],"curies":[{"name":"wp","href":"https:\/\/api.w.org\/{rel}","templated":true}]}}