{"id":67164,"date":"2011-04-15T00:00:00","date_gmt":"2011-04-14T22:00:00","guid":{"rendered":"http:\/\/www.cronacaonline.it\/public\/content\/index.php\/2011\/04\/15\/provvedimenti-giunta-sardegna-150-anni-completato-programma-eventi\/"},"modified":"2011-04-15T00:00:00","modified_gmt":"2011-04-14T22:00:00","slug":"provvedimenti-giunta-sardegna-150-anni-completato-programma-eventi","status":"publish","type":"post","link":"https:\/\/www.cronacaonline.it\/index.php\/2011\/04\/15\/provvedimenti-giunta-sardegna-150-anni-completato-programma-eventi\/","title":{"rendered":"Provvedimenti Giunta Sardegna: 150 anni, completato programma eventi."},"content":{"rendered":"<p><SPAN class=apple-style-span><SPAN style=\"LINE-HEIGHT: 115%; FONT-FAMILY: 'Verdana', 'sans-serif'; COLOR: black; FONT-SIZE: 10pt; mso-bidi-font-family: Arial\">A completamento del programma di eventi promossi dalla Regione Sardegna per i 150 anni dell'Unit\u00e0 d'Italia, la Giunta regionale ha previsto ulteriori momenti celebrativi della ricorrenza. In particolare, sar\u00e0 destinato al Consorzio Circuiti dello Spettacolo in Sardegna (COCIS), un contributo per l\u2019organizzazione dei concerti - totalmente gratuiti per i pi\u00f9 giovani - che vedranno la presenza a Cagliari, nel Conservatorio Pierluigi da Palestrina, del pianista Raphael Gualazzi, mentre a Sassari, salir\u00e0 sul palco del Teatro Verdi il pianista Giovanni Allevi. <\/SPAN><\/SPAN><\/p>\n<p><SPAN class=apple-style-span><SPAN style=\"LINE-HEIGHT: 115%; FONT-FAMILY: 'Verdana', 'sans-serif'; COLOR: black; FONT-SIZE: 10pt; mso-bidi-font-family: Arial\">Le nuove iniziative, come ha sottolineato il presidente Ugo Cappellacci, sono destinate, soprattutto, alle giovani generazioni \u201cproprio per trasmettere ai ragazzi gli alti valori che hanno sostenuto il processo di unificazione nazionale\u201d. Con questo spirito, infatti, \u00e8 stato proposto dalla Regione anche un concorso, destinato alle classi degli Istituti superiori dell\u2019isola, per la produzione di un cortometraggio che rappresenti la visione degli studenti sulle vicende storiche che hanno condotto all\u2019unificazione della Stato Italiano. La classe che vincer\u00e0 il concorso avr\u00e0 in premio la possibilit\u00e0 di produrre il proprio cortometraggio sotto la guida di un affermato regista sardo. <\/SPAN><\/SPAN><\/p>\n<p><SPAN class=apple-style-span><SPAN style=\"LINE-HEIGHT: 115%; FONT-FAMILY: 'Verdana', 'sans-serif'; COLOR: black; FONT-SIZE: 10pt; mso-bidi-font-family: Arial\">Nel ricco panorama di eventi celebrativi che, fino alla fine dell\u2019anno, si svolgeranno in Sardegna, rientrano sia la mostra organizzata dall\u2019Archivio di Stato di Cagliari per promuovere la collezione \u201cMuseo del Risorgimento\u201d che, grazie ai numerosi<\/SPAN><\/SPAN><SPAN class=apple-converted-space><SPAN style=\"LINE-HEIGHT: 115%; FONT-FAMILY: 'Verdana', 'sans-serif'; COLOR: black; FONT-SIZE: 10pt; mso-bidi-font-family: Arial\">&nbsp;<\/SPAN><\/SPAN><SPAN class=apple-style-span><SPAN style=\"LINE-HEIGHT: 115%; FONT-FAMILY: 'Verdana', 'sans-serif'; COLOR: black; FONT-SIZE: 10pt; mso-bidi-font-family: Arial\">&nbsp;cimeli, armi, documenti, libri e materiale iconografico del cammino dei sardi verso l\u2019Unit\u00e0, rappresenta un unicum nel territorio regionale, sia la mostra documentaria realizzata dalla Biblioteca universitaria di Sassari per valorizzare le ricche collezioni dell\u2019Istituto con libri d\u2019epoca, stampe, carte geografiche, fotografie, manoscritti di personaggi ed eventi che, a vario titolo, hanno caratterizzato la Storia della Sardegna dalla \u201cfusione perfetta\u201d del 1847 alla prima guerra mondiale. La Presidenza della Regione sosterr\u00e0, inoltre, le iniziative promosse dal Comune di Sassari, nell\u2019ambito della manifestazione \u201cSassari 150: la citt\u00e0 per l\u2019Unit\u00e0 d\u2019Italia\u201d, e quelle culturali, in particolar modo teatrali e di animazione, proposte dal Comune di Quartu S. Elena. <\/SPAN><\/SPAN><\/p>\n<p><SPAN class=apple-style-span><SPAN style=\"LINE-HEIGHT: 115%; FONT-FAMILY: 'Verdana', 'sans-serif'; COLOR: black; FONT-SIZE: 10pt; mso-bidi-font-family: Arial\">A Caprera, infine, la scuola media statale \u201cPasquale Tola\u201d, di Sassari, realizzer\u00e0 il progetto d\u2019Istituto \u201c1861- Nasce l\u2019Italia - insieme festeggiamo il 150\u00b0anniversario dell\u2019Unit\u00e0 d\u2019Italia\u201d organizzando, rispettivamente per il 2 Giugno 2011, in occasione della Festa della repubblica, e per il 4 luglio 2011, anniversario della nascita di Giuseppe Garibaldi, due concerti con la partecipazione del gruppo vocale \u2013 strumentale Maria Carta, costituito da 30 alunni e da 3 insegnanti della scuola, e dell\u2019ensemble di chitarre (14 alunni e 3 insegnanti).<\/SPAN><\/SPAN><\/SPAN><SPAN style=\"LINE-HEIGHT: 115%; FONT-FAMILY: 'Verdana', 'sans-serif'; FONT-SIZE: 12pt\"><\/SPAN><\/p>\n","protected":false},"excerpt":{"rendered":"<p>A completamento del programma di eventi promossi dalla Regione Sardegna per i 150 anni dell&#8217;Unit\u00e0 d&#8217;Italia, la Giunta regionale ha previsto ulteriori momenti celebrativi della&#8230;<\/p>\n","protected":false},"author":2,"featured_media":8952,"comment_status":"closed","ping_status":"closed","sticky":false,"template":"","format":"standard","meta":[],"categories":[49],"tags":[],"_links":{"self":[{"href":"https:\/\/www.cronacaonline.it\/index.php\/wp-json\/wp\/v2\/posts\/67164"}],"collection":[{"href":"https:\/\/www.cronacaonline.it\/index.php\/wp-json\/wp\/v2\/posts"}],"about":[{"href":"https:\/\/www.cronacaonline.it\/index.php\/wp-json\/wp\/v2\/types\/post"}],"author":[{"embeddable":true,"href":"https:\/\/www.cronacaonline.it\/index.php\/wp-json\/wp\/v2\/users\/2"}],"replies":[{"embeddable":true,"href":"https:\/\/www.cronacaonline.it\/index.php\/wp-json\/wp\/v2\/comments?post=67164"}],"version-history":[{"count":0,"href":"https:\/\/www.cronacaonline.it\/index.php\/wp-json\/wp\/v2\/posts\/67164\/revisions"}],"wp:featuredmedia":[{"embeddable":true,"href":"https:\/\/www.cronacaonline.it\/index.php\/wp-json\/"}],"wp:attachment":[{"href":"https:\/\/www.cronacaonline.it\/index.php\/wp-json\/wp\/v2\/media?parent=67164"}],"wp:term":[{"taxonomy":"category","embeddable":true,"href":"https:\/\/www.cronacaonline.it\/index.php\/wp-json\/wp\/v2\/categories?post=67164"},{"taxonomy":"post_tag","embeddable":true,"href":"https:\/\/www.cronacaonline.it\/index.php\/wp-json\/wp\/v2\/tags?post=67164"}],"curies":[{"name":"wp","href":"https:\/\/api.w.org\/{rel}","templated":true}]}}