{"id":67157,"date":"2011-04-02T00:00:00","date_gmt":"2011-04-01T22:00:00","guid":{"rendered":"http:\/\/www.cronacaonline.it\/public\/content\/index.php\/2011\/04\/02\/mobilita-e-portualita-per-lo-sviluppo-di-cagliari-un-convegno-promosso-dallassociazione-trecentosessanta-sardegna\/"},"modified":"2011-04-02T00:00:00","modified_gmt":"2011-04-01T22:00:00","slug":"mobilita-e-portualita-per-lo-sviluppo-di-cagliari-un-convegno-promosso-dallassociazione-trecentosessanta-sardegna","status":"publish","type":"post","link":"https:\/\/www.cronacaonline.it\/index.php\/2011\/04\/02\/mobilita-e-portualita-per-lo-sviluppo-di-cagliari-un-convegno-promosso-dallassociazione-trecentosessanta-sardegna\/","title":{"rendered":"&#8220;Mobilit\u00e0 e portualit\u00e0 per lo sviluppo di Cagliari&#8221; \u2013 Un convegno promosso dall&#8217;associazione TrecentoSessanta Sardegna."},"content":{"rendered":"<p>Si terr\u00e0 luned\u00ec 4 aprile, alle 18.30, a Cagliari, presso la Sala Conferenze del Terminal Crociere - Molo Ichnusa, il convegno \"Mobilit\u00e0 e portualit\u00e0 per lo sviluppo di Cagliari\", promosso dall'Associazione TrecentoSessanta Sardegna.<\/p>\n<p>Prenderanno parte all\u2019incontro, oltre a Marco Meloni, consigliere regionale e componente della segreteria nazionale del Pd, Francesco Sanna, senatore del Pd e tra i fondatori di TrecentoSessanta, e Mario Bruno capogruppo del Pd in consiglio regionale.<\/p>\n<\/p>\n<p>Tra i relatori cdiscuteranno di mobilit\u00e0 e sviluppo con Davide Carta, dirigente del Pd, e con Massimo Zedda, candidato del centrosinistra a sindaco di Cagliari, Sandro Broccia, ex Assessore regionale dei Trasporti, Paolo Fadda, Presidente dell\u2019Autorit\u00e0 portuale di Cagliari, e Gianfranco Fancello, docente di Trasporti - Facolt\u00e0 Ingegneria Universit\u00e0 di Cagliari. Com.<\/p>\n","protected":false},"excerpt":{"rendered":"<p>Si terr\u00e0 luned\u00ec 4 aprile, alle 18.30, a Cagliari, presso la Sala Conferenze del Terminal Crociere &#8211; Molo Ichnusa, il convegno &#8220;Mobilit\u00e0 e portualit\u00e0 per&#8230;<\/p>\n","protected":false},"author":2,"featured_media":0,"comment_status":"closed","ping_status":"closed","sticky":false,"template":"","format":"standard","meta":[],"categories":[49],"tags":[],"_links":{"self":[{"href":"https:\/\/www.cronacaonline.it\/index.php\/wp-json\/wp\/v2\/posts\/67157"}],"collection":[{"href":"https:\/\/www.cronacaonline.it\/index.php\/wp-json\/wp\/v2\/posts"}],"about":[{"href":"https:\/\/www.cronacaonline.it\/index.php\/wp-json\/wp\/v2\/types\/post"}],"author":[{"embeddable":true,"href":"https:\/\/www.cronacaonline.it\/index.php\/wp-json\/wp\/v2\/users\/2"}],"replies":[{"embeddable":true,"href":"https:\/\/www.cronacaonline.it\/index.php\/wp-json\/wp\/v2\/comments?post=67157"}],"version-history":[{"count":0,"href":"https:\/\/www.cronacaonline.it\/index.php\/wp-json\/wp\/v2\/posts\/67157\/revisions"}],"wp:attachment":[{"href":"https:\/\/www.cronacaonline.it\/index.php\/wp-json\/wp\/v2\/media?parent=67157"}],"wp:term":[{"taxonomy":"category","embeddable":true,"href":"https:\/\/www.cronacaonline.it\/index.php\/wp-json\/wp\/v2\/categories?post=67157"},{"taxonomy":"post_tag","embeddable":true,"href":"https:\/\/www.cronacaonline.it\/index.php\/wp-json\/wp\/v2\/tags?post=67157"}],"curies":[{"name":"wp","href":"https:\/\/api.w.org\/{rel}","templated":true}]}}