{"id":67129,"date":"2011-04-09T00:00:00","date_gmt":"2011-04-08T22:00:00","guid":{"rendered":"http:\/\/www.cronacaonline.it\/public\/content\/index.php\/2011\/04\/09\/eseguiti-due-ordini-di-arresto-da-parte-dei-carabinieri-di-ulassai-e-siniscola-per-atti-persecutori\/"},"modified":"2011-04-09T00:00:00","modified_gmt":"2011-04-08T22:00:00","slug":"eseguiti-due-ordini-di-arresto-da-parte-dei-carabinieri-di-ulassai-e-siniscola-per-atti-persecutori","status":"publish","type":"post","link":"https:\/\/www.cronacaonline.it\/index.php\/2011\/04\/09\/eseguiti-due-ordini-di-arresto-da-parte-dei-carabinieri-di-ulassai-e-siniscola-per-atti-persecutori\/","title":{"rendered":"Eseguiti due ordini di arresto da parte dei carabinieri di Ulassai e Siniscola per atti persecutori."},"content":{"rendered":"<p><SPAN style=\"LINE-HEIGHT: 115%; FONT-FAMILY: 'Verdana', 'sans-serif'; FONT-SIZE: 12pt; mso-fareast-language: IT\">Ieri, alle ore 08.00 circa, i carabinieri della Stazione di Ulassai <B>(Nu)<\/B>, hanno eseguito un ordine di carcerazione emesso dall\u2019autorit\u00e0 giudiziaria di Lanusei, nei confronti di F<B>abrizio Demurtas,<\/B>&nbsp;20enne, allevatore, perch\u00e9 accusato di atti persecutori.<\/SPAN><\/p>\n<p><SPAN style=\"LINE-HEIGHT: 115%; FONT-FAMILY: 'Verdana', 'sans-serif'; FONT-SIZE: 12pt; mso-fareast-language: IT\">Il 3 aprile scorso il giovane si era reso ancora protagonista di gravi minacce e aggressioni contri i titolari di un locale pubblico del paese. I gestori, quindi, intimiditi dall\u2019atteggiamento del giovane pastore, si sono rivolti ai carabinieri che dopo una breve indagine hanno acquisito gli elementi necessari per chiedere al giudice l\u2019arresto. Perci\u00f2 ieri \u00e8 stato rintracciato e dichiarato in arresto e dopo le formalit\u00e0 di legge in caserma \u00e8 stato trasferito e rinchiuso nel carcere di Lanusei in attesa delle decisioni dell\u2019A.G.<\/SPAN><\/p>\n","protected":false},"excerpt":{"rendered":"<p>Ieri, alle ore 08.00 circa, i carabinieri della Stazione di Ulassai (Nu), hanno eseguito un ordine di carcerazione emesso dall\u2019autorit\u00e0 giudiziaria di Lanusei, nei confronti&#8230;<\/p>\n","protected":false},"author":2,"featured_media":9019,"comment_status":"closed","ping_status":"closed","sticky":false,"template":"","format":"standard","meta":[],"categories":[49],"tags":[],"_links":{"self":[{"href":"https:\/\/www.cronacaonline.it\/index.php\/wp-json\/wp\/v2\/posts\/67129"}],"collection":[{"href":"https:\/\/www.cronacaonline.it\/index.php\/wp-json\/wp\/v2\/posts"}],"about":[{"href":"https:\/\/www.cronacaonline.it\/index.php\/wp-json\/wp\/v2\/types\/post"}],"author":[{"embeddable":true,"href":"https:\/\/www.cronacaonline.it\/index.php\/wp-json\/wp\/v2\/users\/2"}],"replies":[{"embeddable":true,"href":"https:\/\/www.cronacaonline.it\/index.php\/wp-json\/wp\/v2\/comments?post=67129"}],"version-history":[{"count":0,"href":"https:\/\/www.cronacaonline.it\/index.php\/wp-json\/wp\/v2\/posts\/67129\/revisions"}],"wp:featuredmedia":[{"embeddable":true,"href":"https:\/\/www.cronacaonline.it\/index.php\/wp-json\/"}],"wp:attachment":[{"href":"https:\/\/www.cronacaonline.it\/index.php\/wp-json\/wp\/v2\/media?parent=67129"}],"wp:term":[{"taxonomy":"category","embeddable":true,"href":"https:\/\/www.cronacaonline.it\/index.php\/wp-json\/wp\/v2\/categories?post=67129"},{"taxonomy":"post_tag","embeddable":true,"href":"https:\/\/www.cronacaonline.it\/index.php\/wp-json\/wp\/v2\/tags?post=67129"}],"curies":[{"name":"wp","href":"https:\/\/api.w.org\/{rel}","templated":true}]}}