{"id":67114,"date":"2011-04-15T00:00:00","date_gmt":"2011-04-14T22:00:00","guid":{"rendered":"http:\/\/www.cronacaonline.it\/public\/content\/index.php\/2011\/04\/15\/blue-tongue-assessore-liori-gli-impegni-sono-stati-mantenuti\/"},"modified":"2011-04-15T00:00:00","modified_gmt":"2011-04-14T22:00:00","slug":"blue-tongue-assessore-liori-gli-impegni-sono-stati-mantenuti","status":"publish","type":"post","link":"https:\/\/www.cronacaonline.it\/index.php\/2011\/04\/15\/blue-tongue-assessore-liori-gli-impegni-sono-stati-mantenuti\/","title":{"rendered":"Blue Tongue &#8211; Assessore Liori: &#8220;Gli impegni sono stati mantenuti&#8221;."},"content":{"rendered":"<p><SPAN class=apple-style-span><SPAN style=\"LINE-HEIGHT: 115%; FONT-FAMILY: 'Verdana', 'sans-serif'; COLOR: black; FONT-SIZE: 12pt\">\"Gli impegni sono stati mantenuti:&nbsp;la movimentazione extraregionale di bovini ed ovini da tutta l'Isola \u00e8&nbsp;consentita&nbsp;e i vaccini&nbsp;potranno essere acquistati direttamente dalla Regione, cos\u00ec da non subire&nbsp;pi\u00f9 i problemi dell'ultima campagna vaccinale.\"<\/SPAN><\/SPAN><SPAN class=apple-converted-space><SPAN style=\"LINE-HEIGHT: 115%; FONT-FAMILY: 'Verdana', 'sans-serif'; COLOR: black; FONT-SIZE: 12pt\">&nbsp;<\/SPAN><\/SPAN><SPAN class=apple-style-span><SPAN style=\"LINE-HEIGHT: 115%; FONT-FAMILY: 'Verdana', 'sans-serif'; COLOR: black; FONT-SIZE: 12pt\">Lo ha detto l'assessore della Sanit\u00e0, Antonello Liori,&nbsp;riferendosi alle novit\u00e0 in tema&nbsp;di 'blue tongue'.&nbsp;\"Sin dal sorgere dei primi intoppi&nbsp;- ha aggiunto l'esponente della Giunta regionale - &nbsp;ho messo in essere tutte le azioni possibili per risolvere definitivamente i problemi degli allevatori sardi.&nbsp;<\/SPAN><\/SPAN><\/p>\n<p><SPAN class=apple-style-span><SPAN style=\"LINE-HEIGHT: 115%; FONT-FAMILY: 'Verdana', 'sans-serif'; COLOR: black; FONT-SIZE: 12pt\"><A href=\"javascript:mails_addtocal(1,%22Oggi%22);\"><SPAN style=\"COLOR: #ff8000; TEXT-DECORATION: none; text-underline: none\">Oggi<\/SPAN><\/A>, grazie&nbsp;ai proficui contatti realizzati con il Ministero della Salute e con le altre Regioni, posso dire che ci siamo riusciti.&nbsp;Dopo aver ottenuto dal Ministero&nbsp; l'autorizzazione alle trattative con le singole Regioni, ora<\/SPAN><\/SPAN><SPAN class=apple-converted-space><SPAN style=\"LINE-HEIGHT: 115%; FONT-FAMILY: 'Verdana', 'sans-serif'; COLOR: black; FONT-SIZE: 12pt\">&nbsp;<\/SPAN><\/SPAN><SPAN class=apple-style-span><SPAN style=\"LINE-HEIGHT: 115%; FONT-FAMILY: 'Verdana', 'sans-serif'; COLOR: black; FONT-SIZE: 12pt\">la movimentazione,<\/SPAN><\/SPAN><SPAN class=apple-converted-space><SPAN style=\"LINE-HEIGHT: 115%; FONT-FAMILY: 'Verdana', 'sans-serif'; COLOR: black; FONT-SIZE: 12pt\">&nbsp;<\/SPAN><\/SPAN><SPAN class=apple-style-span><SPAN style=\"LINE-HEIGHT: 115%; FONT-FAMILY: 'Verdana', 'sans-serif'; COLOR: black; FONT-SIZE: 12pt\">salvo&nbsp;eventuali vincoli sanitari,&nbsp;\u00e8&nbsp;possibile verso&nbsp;tutta la penisola.&nbsp;<\/SPAN><\/SPAN><\/p>\n<p><SPAN class=apple-style-span><SPAN style=\"LINE-HEIGHT: 115%; FONT-FAMILY: 'Verdana', 'sans-serif'; COLOR: black; FONT-SIZE: 12pt\">Inoltre,&nbsp;l'autorizzazione all'acquisto diretto dei quantitativi di vaccino necessari per la Sardegna, consentir\u00e0 di evitare&nbsp;ritardi e interruzioni nella&nbsp;campagna di vaccinazione, come \u00e8 accaduto nel 2010 nonostante le tempestive richieste&nbsp;avanzate &nbsp;dall'Assessorato&nbsp;al Ministero.<\/SPAN><\/SPAN><SPAN class=apple-converted-space><SPAN style=\"LINE-HEIGHT: 115%; FONT-FAMILY: 'Verdana', 'sans-serif'; COLOR: black; FONT-SIZE: 12pt\">&nbsp;<\/SPAN><\/SPAN><SPAN class=apple-style-span><SPAN style=\"LINE-HEIGHT: 115%; FONT-FAMILY: 'Verdana', 'sans-serif'; COLOR: black; FONT-SIZE: 12pt\">Credo che ci\u00f2 dimostri&nbsp;il fattivo interesse per il comparto zootecnico isolano che, avendo tra i principali sbocchi di vendita proprio gli allevamenti della penisola, stava subendo un ingente danno economico\".<\/SPAN><\/SPAN><SPAN class=apple-converted-space><SPAN style=\"LINE-HEIGHT: 115%; FONT-FAMILY: 'Verdana', 'sans-serif'; COLOR: black; FONT-SIZE: 12pt\">&nbsp;<\/SPAN><FONT face=Calibri> Red<\/FONT><\/SPAN><\/SPAN><\/p>\n","protected":false},"excerpt":{"rendered":"<p>&#8220;Gli impegni sono stati mantenuti:&nbsp;la movimentazione extraregionale di bovini ed ovini da tutta l&#8217;Isola \u00e8&nbsp;consentita&nbsp;e i vaccini&nbsp;potranno essere acquistati direttamente dalla Regione, cos\u00ec da non&#8230;<\/p>\n","protected":false},"author":2,"featured_media":0,"comment_status":"closed","ping_status":"closed","sticky":false,"template":"","format":"standard","meta":[],"categories":[49],"tags":[],"_links":{"self":[{"href":"https:\/\/www.cronacaonline.it\/index.php\/wp-json\/wp\/v2\/posts\/67114"}],"collection":[{"href":"https:\/\/www.cronacaonline.it\/index.php\/wp-json\/wp\/v2\/posts"}],"about":[{"href":"https:\/\/www.cronacaonline.it\/index.php\/wp-json\/wp\/v2\/types\/post"}],"author":[{"embeddable":true,"href":"https:\/\/www.cronacaonline.it\/index.php\/wp-json\/wp\/v2\/users\/2"}],"replies":[{"embeddable":true,"href":"https:\/\/www.cronacaonline.it\/index.php\/wp-json\/wp\/v2\/comments?post=67114"}],"version-history":[{"count":0,"href":"https:\/\/www.cronacaonline.it\/index.php\/wp-json\/wp\/v2\/posts\/67114\/revisions"}],"wp:attachment":[{"href":"https:\/\/www.cronacaonline.it\/index.php\/wp-json\/wp\/v2\/media?parent=67114"}],"wp:term":[{"taxonomy":"category","embeddable":true,"href":"https:\/\/www.cronacaonline.it\/index.php\/wp-json\/wp\/v2\/categories?post=67114"},{"taxonomy":"post_tag","embeddable":true,"href":"https:\/\/www.cronacaonline.it\/index.php\/wp-json\/wp\/v2\/tags?post=67114"}],"curies":[{"name":"wp","href":"https:\/\/api.w.org\/{rel}","templated":true}]}}