{"id":67107,"date":"2011-04-05T00:00:00","date_gmt":"2011-04-04T22:00:00","guid":{"rendered":"http:\/\/www.cronacaonline.it\/public\/content\/index.php\/2011\/04\/05\/mozione-scuola-riunione-dei-capigruppo-di-maggioranza-e-del-presidente-del-consiglio-provinciale-di-nuoro\/"},"modified":"2011-04-05T00:00:00","modified_gmt":"2011-04-04T22:00:00","slug":"mozione-scuola-riunione-dei-capigruppo-di-maggioranza-e-del-presidente-del-consiglio-provinciale-di-nuoro","status":"publish","type":"post","link":"https:\/\/www.cronacaonline.it\/index.php\/2011\/04\/05\/mozione-scuola-riunione-dei-capigruppo-di-maggioranza-e-del-presidente-del-consiglio-provinciale-di-nuoro\/","title":{"rendered":"Mozione Scuola &#8211; Riunione dei capigruppo di maggioranza e del Presidente del Consiglio provinciale di Nuoro."},"content":{"rendered":"<p>Questa mattina, a Nuoro, nel corso della conferenza dei capigruppo del Consiglio Provinciale in merito alla mozione sulla scuola del Presidente Deriu, il Presidente del Consiglio provinciale di Nuoro, Rocco Celentano, ha affermato: \"Il Presidente Deriu ha sollevato un problema di grande rilevanza per il nuorese che si fonda su criteri oggettivi, data la grave situazione in cui versa l\u2019intero territorio. La mozione a difesa della scuola non solo va condivisa dall\u2019intero consiglio provinciale all\u2019unanimit\u00e0 ma deve essere sottoscritta anche da tutti i comuni della provincia di Nuoro\".<\/p>\n<p>Renzo Soro (Pd), ha poi aggiunto: \"Il gruppo consiliare del Pd sostiene senza se e senza ma la mozione del Presidente della Provincia di Nuoro, Roberto Deriu. La condivide totalmente e ritiene che sia arrivato il momento che la Giunta regionale si assuma tutte le sue responsabilit\u00e0 e dia realmente inizio ad un percorso legislativo per dotare la Regione Sardegna, cosi come previsto dagli ordinamenti scolastici nazionali, di una propria organizzazione scolastica regionale mirata a difendere tutti i presidi scolastici dei comuni del territorio. Una volta tanto esercitiamo il nostro potere autonomistico\". <\/p>\n<p>\"Sostengo con forza la mozione del Presidente\", queste le parole di Pierpaolo Coronas (Idv) che ha proseguito: \"I tagli alla scuola sono assolutamente negativi per tutto il territorio. \u00c8 per questa ragione che questa mattina ho sottoscritto il documento e ho proposto alla conferenza dei capigruppo di avviare una raccolta di firme anche nelle scuole, coinvolgendo tutto l\u2019ambiente scolastico, a partire dagli insegnanti, i collaboratori e gli studenti\".<\/p>\n<p>Tore Cossu (Gruppo Misto) ha invece detto: \"In molti paesi la presenza della scuola \u00e8 l\u2019unica presenza dello Stato. Chiudere le scuole significa portare questi paesi alla morte. Nessuna giovane coppia andrebbe a vivere in un paese dove non esiste alcun presidio e dove non si offre nessun servizio. \u00c8 giusto pertanto che le istituzioni facciano di tutto per evitare che i disastri della riforma della legge Gelmini vadano avanti. Invito la Regione Sardegna a fare la sua parte e ad esercitare il suo potere in materia scolastica\".<\/p>\n<p>Peppino Paffi (Autonomia e Progresso), intervenuto poco dopo, ha sottolineato: \"Autonomia e Progresso sostiene la mozione del Presidente Deriu. Si tratta infatti di una mozione assolutamente attenta e puntuale su un problema centrale per la sopravvivenza del nostro territorio\" <\/p>\n<p>\"Si richiede pertanto \u2013 ha dichiarato Peppino Paffi - una condivisione ampia, soprattutto da parte dei consiglieri di maggioranza. Autonomia e Progresso ritiene altres\u00ec indispensabile una unanimit\u00e0 del voto consiliare affinch\u00e9 si avviino immediatamente le interlocuzioni con la Regione per trovare una soluzione concreta ed evitare che, all\u2019inizio del prossimo anno scolastico si debba affrontare per l\u2019ennesima volta una situazione di emergenza. Il Presidente Deriu sta portando avanti una battaglia che \u00e8 una battaglia di tutto il territorio. Insieme dobbiamo combatterla\".<\/p>\n<p>Ha poi preso la parola Luigi Deiana (Provincia Civica), affermando: \"Sostengo e condivido totalmente la mozione del presidente Roberto Deriu. Credo che in questo momento sia necessaria e indispensabile l\u2019unit\u00e0 di tutti i gruppi consiliari. Maggioranza e minoranza insieme devono lottare affinch\u00e9 questo territorio, gi\u00e0 fortemente penalizzato dalla crisi in atto, non venga privato di un diritto essenziale che \u00e8 quello dell\u2019istruzione e della cultura. La nostra provincia \u00e8 stanca di fare rinunce. \u00c8 arrivato il momento di dire basta a qualsiasi tentativo di sottrarci ci\u00f2 che ci spetta\". <\/p>\n<p>E' stato poi Massimiliano Vacca (Pdci) a concludere con queste parole: \"La nostra \u00e8 una fiducia nei confronti del Presidente Deriu. Sostengo la mozione da lui presentata certo che la lotta contro i tagli alla scuola e contro la riforma Gelmini ci debba vedere tutti uniti. Si tratta di una lotta che dobbiamo combattere a difesa dell\u2019intero territorio\". Red.<\/p>\n","protected":false},"excerpt":{"rendered":"<p>Questa mattina, a Nuoro, nel corso della conferenza dei capigruppo del Consiglio Provinciale in merito alla mozione sulla scuola del Presidente Deriu, il Presidente del&#8230;<\/p>\n","protected":false},"author":2,"featured_media":9022,"comment_status":"closed","ping_status":"closed","sticky":false,"template":"","format":"standard","meta":[],"categories":[49],"tags":[],"_links":{"self":[{"href":"https:\/\/www.cronacaonline.it\/index.php\/wp-json\/wp\/v2\/posts\/67107"}],"collection":[{"href":"https:\/\/www.cronacaonline.it\/index.php\/wp-json\/wp\/v2\/posts"}],"about":[{"href":"https:\/\/www.cronacaonline.it\/index.php\/wp-json\/wp\/v2\/types\/post"}],"author":[{"embeddable":true,"href":"https:\/\/www.cronacaonline.it\/index.php\/wp-json\/wp\/v2\/users\/2"}],"replies":[{"embeddable":true,"href":"https:\/\/www.cronacaonline.it\/index.php\/wp-json\/wp\/v2\/comments?post=67107"}],"version-history":[{"count":0,"href":"https:\/\/www.cronacaonline.it\/index.php\/wp-json\/wp\/v2\/posts\/67107\/revisions"}],"wp:featuredmedia":[{"embeddable":true,"href":"https:\/\/www.cronacaonline.it\/index.php\/wp-json\/"}],"wp:attachment":[{"href":"https:\/\/www.cronacaonline.it\/index.php\/wp-json\/wp\/v2\/media?parent=67107"}],"wp:term":[{"taxonomy":"category","embeddable":true,"href":"https:\/\/www.cronacaonline.it\/index.php\/wp-json\/wp\/v2\/categories?post=67107"},{"taxonomy":"post_tag","embeddable":true,"href":"https:\/\/www.cronacaonline.it\/index.php\/wp-json\/wp\/v2\/tags?post=67107"}],"curies":[{"name":"wp","href":"https:\/\/api.w.org\/{rel}","templated":true}]}}