{"id":67105,"date":"2011-04-05T00:00:00","date_gmt":"2011-04-04T22:00:00","guid":{"rendered":"http:\/\/www.cronacaonline.it\/public\/content\/index.php\/2011\/04\/05\/istruzione-giunta-delibera-nuovo-calendario-scolastico-20112012\/"},"modified":"2011-04-05T00:00:00","modified_gmt":"2011-04-04T22:00:00","slug":"istruzione-giunta-delibera-nuovo-calendario-scolastico-20112012","status":"publish","type":"post","link":"https:\/\/www.cronacaonline.it\/index.php\/2011\/04\/05\/istruzione-giunta-delibera-nuovo-calendario-scolastico-20112012\/","title":{"rendered":"Istruzione: Giunta delibera nuovo calendario scolastico 2011\/2012"},"content":{"rendered":"<p><SPAN class=apple-style-span><SPAN style=\"LINE-HEIGHT: 115%; FONT-FAMILY: 'Verdana', 'sans-serif'; COLOR: black; FONT-SIZE: 10pt\">La Giunta Regionale, su proposta dell'assessore regionale della Pubblica Istruzione, Sergio Milia, ha approvato il nuovo calendario scolastico per l'annualit\u00e0 2011\/2012 in Sardegna che stabilisce che allo svolgimento delle lezioni siano assegnati non meno di 200 giorni.<\/SPAN><\/SPAN><SPAN class=apple-converted-space><SPAN style=\"LINE-HEIGHT: 115%; FONT-FAMILY: 'Verdana', 'sans-serif'; COLOR: black; FONT-SIZE: 10pt\">&nbsp;<\/SPAN><\/SPAN><SPAN class=apple-style-span><SPAN style=\"LINE-HEIGHT: 115%; FONT-FAMILY: 'Verdana', 'sans-serif'; COLOR: black; FONT-SIZE: 10pt\">Tenendo conto della durata dei giorni di lezione e delle specifiche esigenze locali oltre che didattiche, l'assessore Milia ha proposto che le lezioni abbiano inizio il 15 settembre 2011 e, limitatamente alla scuola primaria e alla secondaria di I e II grado, terminino il 9 giugno 2012. <\/SPAN><\/SPAN><\/p>\n<p><SPAN class=apple-style-span><SPAN style=\"LINE-HEIGHT: 115%; FONT-FAMILY: 'Verdana', 'sans-serif'; COLOR: black; FONT-SIZE: 10pt\">Nella scuola dell'infanzia le attivit\u00e0 didattiche si protrarranno fino al 30 giugno 2012.<\/SPAN><\/SPAN><SPAN class=apple-converted-space><SPAN style=\"LINE-HEIGHT: 115%; FONT-FAMILY: 'Verdana', 'sans-serif'; COLOR: black; FONT-SIZE: 10pt\">&nbsp;<\/SPAN><\/SPAN><SPAN class=apple-style-span><SPAN style=\"LINE-HEIGHT: 115%; FONT-FAMILY: 'Verdana', 'sans-serif'; COLOR: black; FONT-SIZE: 10pt\">Per quanto riguarda la data del 28 aprile 2012, giornata dedicata dalla Regione a \"Sa die de sa Sardigna\", \u00e8 prevista, in via ordinaria, la sospensione delle attivit\u00e0 didattiche. Ma viene comunque data facolt\u00e0 alle singole istituzioni scolastiche autonome di derogare da tale disposizione prevedendo anche in tale data lo svolgimento delle attivit\u00e0 didattiche nel caso in cui gli alunni non debbano partecipare a specifiche iniziative celebrative o di dibattito della ricorrenza promosse dalla medesima istituzione scolastica o da altre istituzioni.<\/SPAN><FONT face=\"\"> Red<\/FONT><\/SPAN><\/SPAN><\/p>\n","protected":false},"excerpt":{"rendered":"<p>La Giunta Regionale, su proposta dell&#8217;assessore regionale della Pubblica Istruzione, Sergio Milia, ha approvato il nuovo calendario scolastico per l&#8217;annualit\u00e0 2011\/2012 in Sardegna che stabilisce&#8230;<\/p>\n","protected":false},"author":2,"featured_media":0,"comment_status":"closed","ping_status":"closed","sticky":false,"template":"","format":"standard","meta":[],"categories":[49],"tags":[],"_links":{"self":[{"href":"https:\/\/www.cronacaonline.it\/index.php\/wp-json\/wp\/v2\/posts\/67105"}],"collection":[{"href":"https:\/\/www.cronacaonline.it\/index.php\/wp-json\/wp\/v2\/posts"}],"about":[{"href":"https:\/\/www.cronacaonline.it\/index.php\/wp-json\/wp\/v2\/types\/post"}],"author":[{"embeddable":true,"href":"https:\/\/www.cronacaonline.it\/index.php\/wp-json\/wp\/v2\/users\/2"}],"replies":[{"embeddable":true,"href":"https:\/\/www.cronacaonline.it\/index.php\/wp-json\/wp\/v2\/comments?post=67105"}],"version-history":[{"count":0,"href":"https:\/\/www.cronacaonline.it\/index.php\/wp-json\/wp\/v2\/posts\/67105\/revisions"}],"wp:attachment":[{"href":"https:\/\/www.cronacaonline.it\/index.php\/wp-json\/wp\/v2\/media?parent=67105"}],"wp:term":[{"taxonomy":"category","embeddable":true,"href":"https:\/\/www.cronacaonline.it\/index.php\/wp-json\/wp\/v2\/categories?post=67105"},{"taxonomy":"post_tag","embeddable":true,"href":"https:\/\/www.cronacaonline.it\/index.php\/wp-json\/wp\/v2\/tags?post=67105"}],"curies":[{"name":"wp","href":"https:\/\/api.w.org\/{rel}","templated":true}]}}