{"id":67048,"date":"2011-04-16T00:00:00","date_gmt":"2011-04-15T22:00:00","guid":{"rendered":"http:\/\/www.cronacaonline.it\/public\/content\/index.php\/2011\/04\/16\/arriva-lalbero-azzurro-aperta-la-prevendita-per-in-viaggio-con-dodo-spettacolo-dedicato-ai-bambini\/"},"modified":"2011-04-16T00:00:00","modified_gmt":"2011-04-15T22:00:00","slug":"arriva-lalbero-azzurro-aperta-la-prevendita-per-in-viaggio-con-dodo-spettacolo-dedicato-ai-bambini","status":"publish","type":"post","link":"https:\/\/www.cronacaonline.it\/index.php\/2011\/04\/16\/arriva-lalbero-azzurro-aperta-la-prevendita-per-in-viaggio-con-dodo-spettacolo-dedicato-ai-bambini\/","title":{"rendered":"Arriva \u201cl\u2019albero azzurro\u201d: Aperta la prevendita per in viaggio con dodo\u2019, Spettacolo dedicato ai bambini"},"content":{"rendered":"<p><SPAN style=\"FONT-FAMILY: 'Verdana', 'sans-serif'\">Anche quest\u2019anno uno spazio importante del festival Abbabula sar\u00e0 dedicato ai bambini. \u00c8 aperta la prevendita per In viaggio con Dod\u00f2<SPAN style=\"mso-bidi-font-weight: bold\">, lo spettacolo tratto <\/SPAN>dall\u2019<SPAN style=\"mso-bidi-font-weight: bold\">Albero Azzurro<\/SPAN>, storico programma televisivo della Rai, ideato e realizzato per intrattenere, divertire ed educare un pubblico fatto di bambini. \u201cIn viaggio con Dod\u00f2\u201d va in scena venerd\u00ec 13 maggio al Teatro Verd\u00ec (doppio appuntamento alle <SPAN style=\"mso-bidi-font-weight: bold\">15,30 e alle 18) ed \u00e8 inserito nel cartellone di Abbabula Baby<\/SPAN>. Giunto alla 13esima edizione, Abbabula \u00e8 il festival di musica e parole d\u2019autore organizzato dalla cooperativa Le Ragazze Terribili. <\/SPAN><SPAN style=\"FONT-FAMILY: 'Verdana', 'sans-serif'; mso-bidi-font-family: Tahoma\">Prezzo dei biglietti: <\/SPAN><SPAN style=\"FONT-FAMILY: 'Verdana', 'sans-serif'; mso-bidi-font-weight: bold\">12 euro per gli adulti; 8 euro per i bambini<\/SPAN><SPAN style=\"FONT-FAMILY: 'Verdana', 'sans-serif'; mso-bidi-font-family: Tahoma\">. <\/SPAN><SPAN style=\"FONT-FAMILY: 'Verdana', 'sans-serif'; mso-bidi-font-family: Interstate-Light\">Per informazioni e prenotazioni rivolgersi a Le Ragazze Terribili, via Tempio 65 - Sassari. Infoline: 079\/2822015.<\/SPAN><SPAN style=\"FONT-FAMILY: 'Verdana', 'sans-serif'; mso-bidi-font-weight: bold\"> <\/SPAN><SPAN style=\"FONT-FAMILY: 'Verdana', 'sans-serif'\"><\/SPAN><\/p>\n<p><SPAN style=\"FONT-FAMILY: 'Verdana', 'sans-serif'\"><SPAN style=\"mso-spacerun: yes\">&nbsp;<\/SPAN>\u201cIn Viaggio con Dod\u00f2\u201d \u00e8 la storia di un viaggio attraverso i Paesi del mondo alla scoperta di indizi per ritrovare il magico \u201ctimbrone\u201d di Dod\u00f2. Un insieme di filastrocche, balli ed animazioni, che render\u00e0 i giovani spettatori ed i loro genitori protagonisti di una divertente avventura dei personaggi della fortunata trasmissione tv. L\u2019Albero Azzurro arriva a Sassari <\/SPAN><SPAN style=\"FONT-FAMILY: 'Verdana', 'sans-serif'; mso-bidi-font-family: Tahoma\">dopo il successo dell\u2019anteprima del Festival, che si \u00e8 svolta lo scorso 13 marzo al Teatro Verdi, dove il tutto esaurito ha accolto i due spettacoli della Melevisione, altro programma <I>cult <\/I>per bambini della Rai. <\/SPAN><SPAN style=\"FONT-FAMILY: 'Verdana', 'sans-serif'\"><\/SPAN><\/p>\n<p><SPAN style=\"FONT-FAMILY: 'Verdana', 'sans-serif'\">Abbabula Baby. \u201cIn viaggio con Dod\u00f2\u201d rientra nel cartellone di <SPAN style=\"mso-bidi-font-weight: bold\">Abbabula Baby<\/SPAN>, che prevede altri<\/SPAN><SPAN style=\"FONT-FAMILY: 'Verdana', 'sans-serif'; mso-bidi-font-family: Tahoma\"> due<SPAN style=\"COLOR: red\"> <\/SPAN>appuntamenti con ingresso gratuito. <\/SPAN><SPAN style=\"FONT-FAMILY: 'Verdana', 'sans-serif'\">Gioved\u00ec 12 maggio (ore 18; cortile di Palazzo Ducale) <SPAN style=\"mso-bidi-font-weight: bold\">va in scena <\/SPAN>Cenerentola<SPAN style=\"mso-bidi-font-weight: bold\">, <\/SPAN>una coproduzione Le Ragazze Terribili e Associazione Danza Estemporada. Lo spettacolo ricostruisce un percorso che ha inizio con la Cenerentola di Walt Disney, attraversa la Cenerentola dell\u2019opera lirica, fino ad arrivare alle <I>cenerentole<\/I> dei giorni nostri. Un classico che diventa una fiaba dei tempi d\u2019oggi. Ad Abbabula Baby arriva poi sabato<SPAN style=\"mso-spacerun: yes\">&nbsp; <\/SPAN>14 maggio (ore 18; Biblioteca Comunale) la lettura animata <SPAN style=\"mso-bidi-font-weight: bold\">I favolosi delle fiabe <\/SPAN>(\"Dal Racconto alla Scena\"), organizzata in collaborazione con la libreria Petali di Carta. \u201cIncontri Frastornati con Lupi Cattivi o quasi, Principesse e Principi senza nome, Orchi, Maghi, Boschi e Castelli Incantati\u201d, a cura di M. Paola Dess\u00ec della compagnia Teatro S'Arza.<\/SPAN><\/p>\n","protected":false},"excerpt":{"rendered":"<p>Anche quest\u2019anno uno spazio importante del festival Abbabula sar\u00e0 dedicato ai bambini. \u00c8 aperta la prevendita per In viaggio con Dod\u00f2, lo spettacolo tratto dall\u2019Albero&#8230;<\/p>\n","protected":false},"author":2,"featured_media":9239,"comment_status":"closed","ping_status":"closed","sticky":false,"template":"","format":"standard","meta":[],"categories":[49],"tags":[],"_links":{"self":[{"href":"https:\/\/www.cronacaonline.it\/index.php\/wp-json\/wp\/v2\/posts\/67048"}],"collection":[{"href":"https:\/\/www.cronacaonline.it\/index.php\/wp-json\/wp\/v2\/posts"}],"about":[{"href":"https:\/\/www.cronacaonline.it\/index.php\/wp-json\/wp\/v2\/types\/post"}],"author":[{"embeddable":true,"href":"https:\/\/www.cronacaonline.it\/index.php\/wp-json\/wp\/v2\/users\/2"}],"replies":[{"embeddable":true,"href":"https:\/\/www.cronacaonline.it\/index.php\/wp-json\/wp\/v2\/comments?post=67048"}],"version-history":[{"count":0,"href":"https:\/\/www.cronacaonline.it\/index.php\/wp-json\/wp\/v2\/posts\/67048\/revisions"}],"wp:featuredmedia":[{"embeddable":true,"href":"https:\/\/www.cronacaonline.it\/index.php\/wp-json\/"}],"wp:attachment":[{"href":"https:\/\/www.cronacaonline.it\/index.php\/wp-json\/wp\/v2\/media?parent=67048"}],"wp:term":[{"taxonomy":"category","embeddable":true,"href":"https:\/\/www.cronacaonline.it\/index.php\/wp-json\/wp\/v2\/categories?post=67048"},{"taxonomy":"post_tag","embeddable":true,"href":"https:\/\/www.cronacaonline.it\/index.php\/wp-json\/wp\/v2\/tags?post=67048"}],"curies":[{"name":"wp","href":"https:\/\/api.w.org\/{rel}","templated":true}]}}