{"id":67015,"date":"2011-04-16T00:00:00","date_gmt":"2011-04-15T22:00:00","guid":{"rendered":"http:\/\/www.cronacaonline.it\/public\/content\/index.php\/2011\/04\/16\/turismo-artigianato-e-commercio-subito-disponibili-78milioni-di-fondi-por\/"},"modified":"2011-04-16T00:00:00","modified_gmt":"2011-04-15T22:00:00","slug":"turismo-artigianato-e-commercio-subito-disponibili-78milioni-di-fondi-por","status":"publish","type":"post","link":"https:\/\/www.cronacaonline.it\/index.php\/2011\/04\/16\/turismo-artigianato-e-commercio-subito-disponibili-78milioni-di-fondi-por\/","title":{"rendered":"Turismo, artigianato e commercio &#8211; Subito disponibili 78milioni di fondi POR."},"content":{"rendered":"<p>La Giunta regionale, su proposta dell\u2019assessore del Turismo, Artigianato e Commercio Luigi Crisponi, ha approvato il finanziamento di 78 milioni euro di fondi europei per l\u2019ulteriore sviluppo di turismo, artigianato e commercio. Le ingenti risorse saranno destinate principalmente alle imprese, ai comuni, alla dotazione infrastrutturale delle strutture ricettive, alla promozione e valorizzazione del territorio e dell\u2019immagine della Sardegna e a soluzioni ecocompatibili e innovative.<\/p>\n<p>La delibera detta le linee di attivit\u00e0 dell\u2019assessorato regionale competente sulle basi di fondi che saranno resi immediatamente spendibili e d\u00e0 avvio alle procedure attuative. Per l\u2019erogazione dei fondi ai beneficiari saranno attuate procedure agili e snelle, come per esempio \u2018bandi a sportello\u2019, grazie alle quali i soldi saranno resi disponibili entro l\u2019anno in corso. <\/p>\n<p>Il Presidente della Regione, Ugo Cappellacci, ha dichiarato: \"Con questo ingente finanziamento intendiamo dare un\u2019iniezione positiva al sistema economico isolano per renderlo pi\u00f9 competitivo, idoneo ad affrontare le sfide del mercato globalizzato e a creare nuova impresa e nuova occupazione. Turismo, artigianato e commercio sono i settori in cui la specialit\u00e0 e la variet\u00e0 del nostro patrimonio culturale, identitario, ambientale e paesaggistico pu\u00f2 trovare piena espressione. Un capitale che pu\u00f2 costituire quel valore aggiunto, che ha sede in Sardegna e non altrove, e che per tanto non pu\u00f2 essere delocalizzato\".<\/p>\n<p>\"Interpretando le esigenze delle imprese dei comparti di riferimento - ha poi spiegato l\u2019assessore Luigi Crisponi - e partendo da una ricognizione approfondita, effettuata dall\u2019assessorato regionale del Turismo, unitamente a quello della Programmazione, si \u00e8 inteso mettere a disposizione risorse immediatamente spendibili per settori cardine dell\u2019economia sarda. Abbiamo programmato 78 milioni di fondi europei, che secondo gli orientamenti di assessorato e Giunta, vengono destinati a servizi reali per le imprese, alla riqualificazione delle strutture ricettive e al miglioramento dei servizi di qualit\u00e0 per la destagionalizzazione, ossia strutture quali centri benessere, palestre, aree per pratiche sportive, aree meeting, ricoveri per biciclette, per un mondo in forte espansione come quello dei bikers\".<\/p>\n<p>\"Le risorse per l'artigianato - ha sottolineato l\u2019esponente della Giunta - sono destinate alla realizzazione di \u2018corner\u2019, veri e propri angoli della tradizione nelle strutture ricettive per mettere in vetrina i tesori dell\u2019artigianato sardo, all\u2019animazione dei centri storici, con particolare riguardo alle piccole comunit\u00e0, anche attraverso il finanziamento di piccole botteghe artigiane che l\u00e0 si insedino, unitamente alla custodia degli antichi mestieri; vengono destinati, inoltre, alla certificazione e ai marchi di qualit\u00e0 ambientale per alberghi e camping, a club di prodotto come per esempio \u2018imprese del mare\u2019, \u2018bike hotel\u2019 e ristorazione tipica, alla valorizzazione di itinerari tematici in aree di pregio paesaggistico, con adeguamento della cartellonistica e della segnaletica stradale; infine, i fondi saranno collocati per lo sviluppo delle nuove tecnologie, del web e per il potenziamento del sito istituzionale \u2018SardegnaTurismo\u2019, che con un progetto gi\u00e0 in atto viene interamente ripensato per avvicinare domanda e offerta del mondo turistico\". Red.<\/p>\n","protected":false},"excerpt":{"rendered":"<p>La Giunta regionale, su proposta dell\u2019assessore del Turismo, Artigianato e Commercio Luigi Crisponi, ha approvato il finanziamento di 78 milioni euro di fondi europei per&#8230;<\/p>\n","protected":false},"author":2,"featured_media":0,"comment_status":"closed","ping_status":"closed","sticky":false,"template":"","format":"standard","meta":[],"categories":[49],"tags":[],"_links":{"self":[{"href":"https:\/\/www.cronacaonline.it\/index.php\/wp-json\/wp\/v2\/posts\/67015"}],"collection":[{"href":"https:\/\/www.cronacaonline.it\/index.php\/wp-json\/wp\/v2\/posts"}],"about":[{"href":"https:\/\/www.cronacaonline.it\/index.php\/wp-json\/wp\/v2\/types\/post"}],"author":[{"embeddable":true,"href":"https:\/\/www.cronacaonline.it\/index.php\/wp-json\/wp\/v2\/users\/2"}],"replies":[{"embeddable":true,"href":"https:\/\/www.cronacaonline.it\/index.php\/wp-json\/wp\/v2\/comments?post=67015"}],"version-history":[{"count":0,"href":"https:\/\/www.cronacaonline.it\/index.php\/wp-json\/wp\/v2\/posts\/67015\/revisions"}],"wp:attachment":[{"href":"https:\/\/www.cronacaonline.it\/index.php\/wp-json\/wp\/v2\/media?parent=67015"}],"wp:term":[{"taxonomy":"category","embeddable":true,"href":"https:\/\/www.cronacaonline.it\/index.php\/wp-json\/wp\/v2\/categories?post=67015"},{"taxonomy":"post_tag","embeddable":true,"href":"https:\/\/www.cronacaonline.it\/index.php\/wp-json\/wp\/v2\/tags?post=67015"}],"curies":[{"name":"wp","href":"https:\/\/api.w.org\/{rel}","templated":true}]}}